{"id":2983,"date":"2014-12-16T10:11:25","date_gmt":"2014-12-16T16:11:25","guid":{"rendered":"http:\/\/archivotomasmontero.org\/site\/?p=2983"},"modified":"2021-06-01T06:13:01","modified_gmt":"2021-06-01T06:13:01","slug":"hacia-los-margenes-tomas-montero-torres-fotografo-de-oposicion","status":"publish","type":"post","link":"https:\/\/archivotomasmontero.org\/index.php\/2014\/12\/16\/hacia-los-margenes-tomas-montero-torres-fotografo-de-oposicion\/","title":{"rendered":"Hacia los m\u00e1rgenes: Tom\u00e1s Montero Torres, fot\u00f3grafo de oposici\u00f3n"},"content":{"rendered":"<p style=\"text-align: left;\" align=\"center\"><b>I. Una presentaci\u00f3n en sociedad<\/b><\/p>\n<p style=\"text-align: right;\"><i><span style=\"font-weight: 400;\">Un \u201cestuche de verdad\u201d, lo fue este g\u00fcero:<\/span><\/i><\/p>\n<p style=\"text-align: right;\"><i><span style=\"font-weight: 400;\">fot\u00f3grafo, pintor, acuarelista,<\/span><\/i><\/p>\n<p style=\"text-align: right;\"><i><span style=\"font-weight: 400;\">surrealista, cantor, un gran mambero,<\/span><\/i><\/p>\n<p style=\"text-align: right;\"><i><span style=\"font-weight: 400;\">euf\u00f3rico escritor y publicista\u2026<\/span><\/i><\/p>\n<p style=\"text-align: right;\"><i><span style=\"font-weight: 400;\">\u00a0coloreando sus placas \u201cflexicrom\u201d<\/span><\/i><\/p>\n<p style=\"text-align: right;\"><i><span style=\"font-weight: 400;\">se pasaba los d\u00edas, o bien, bailando<\/span><\/i><\/p>\n<p style=\"text-align: right;\"><i><span style=\"font-weight: 400;\">al r\u00edtmico estallar de un rico mambo<\/span><\/i><\/p>\n<p style=\"text-align: right;\"><i><span style=\"font-weight: 400;\">o consumiendo el n\u00e9ctar de un jaibol<\/span><\/i><\/p>\n<p style=\"padding-left: 40px; font-size: 11px; text-align: right;\"><i><span style=\"font-weight: 400;\">\u00a0calavera a <\/span><\/i><i><span style=\"font-weight: 400;\">tom\u00e1s montero<\/span><\/i><i><span style=\"font-weight: 400;\">, aerov\u00edas reforma<\/span><\/i><\/p>\n<p>Hasta hoy, el michoacano <span style=\"color: #800000;\"><strong>Tom\u00e1s Montero Torres<\/strong><\/span> ha sido un fot\u00f3grafo poco conocido. A pesar de haber reunido el impresionante archivo del que surge esta exposici\u00f3n \u2014una colecci\u00f3n de m\u00e1s de 87,000 im\u00e1genes en las que se despliega la historia social, cultural y pol\u00edtica de M\u00e9xico entre 1941 y 1969\u2014 y de haber colaborado en esos a\u00f1os para publicaciones tan importantes como <i>La Naci\u00f3n, Impacto, Ma\u00f1ana, Revista de Am\u00e9rica, Se\u00f1al, Revista de revistas, El Universal <\/i>y <i>Exc\u00e9lsior<\/i>, <span style=\"color: #800000;\"><em><strong>Montero<\/strong> <\/em><\/span>s\u00f3lo ha sido mencionado tangencialmente en la historia del fotoperiodismo de nuestro pa\u00eds.<\/p>\n<p><img loading=\"lazy\" decoding=\"async\" class=\"aligncenter wp-image-12133 size-full\" src=\"https:\/\/archivotomasmontero.org\/wp-content\/uploads\/2021\/03\/2.jpg\" alt=\"\" width=\"425\" height=\"272\" srcset=\"https:\/\/archivotomasmontero.org\/wp-content\/uploads\/2021\/03\/2.jpg 425w, https:\/\/archivotomasmontero.org\/wp-content\/uploads\/2021\/03\/2-300x192.jpg 300w\" sizes=\"auto, (max-width: 425px) 100vw, 425px\" \/><\/p>\n<p>Las razones para el pr\u00e1ctico desconocimiento de la fotograf\u00eda de <span style=\"color: #800000;\"><em><strong>Montero<\/strong><\/em><\/span> son varias: en primer lugar, la escasez de estudios serios sobre fotoperiodismo por parte de la cr\u00edtica especializada en nuestro pa\u00eds. Salvo algunas excepciones dignas de mencionarse (las investigaciones de John Mraz, Rebeca Monroy Nasr, Alberto del Castillo y Ariel Arnal, entre otras) existen pocos ensayos que analicen el vast\u00edsimo legado de im\u00e1genes period\u00edsticas producidas en nuestro pa\u00eds durante el siglo XX.<\/p>\n<p>Una segunda explicaci\u00f3n para la exigua atenci\u00f3n prestada a la obra de <span style=\"color: #800000;\"><em><strong>Montero<\/strong><\/em><\/span> es su conexi\u00f3n con la pol\u00edtica de derecha de aquella \u00e9poca: una orientaci\u00f3n censurable, poco susceptible a ser fagocitada por la ret\u00f3rica \u201crevolucionaria\u201d de los gobiernos de esos a\u00f1os, como s\u00ed lo era, en cambio, la de otros fot\u00f3grafos como Juan Guzm\u00e1n o, incluso, la de los hermanos Mayo.<\/p>\n<p>Pero la raz\u00f3n que explica mejor la pr\u00e1ctica ausencia de <span style=\"color: #800000;\"><em><strong>Tom\u00e1s Montero<\/strong><\/em><\/span> en los recuentos sobre fotoperiodismo mexicano es la naturaleza plural y poco definible de su trabajo: adem\u00e1s de fot\u00f3grafo, <span style=\"color: #800000;\"><em><strong>Montero<\/strong><\/em><\/span> tambi\u00e9n ejerci\u00f3, conspicua y diestramente, como dibujante, pintor, publicista, redactor y representante de compa\u00f1\u00edas a\u00e9reas. M\u00e1s que ante un fotoperiodista, nos encontramos, pues, ante un verdadero <span style=\"color: #800000;\"><strong><em>\u201cvirtuoso de la imagen\u201d<\/em><\/strong><\/span>.<\/p>\n<p><img loading=\"lazy\" decoding=\"async\" class=\"alignleft wp-image-15010 size-full\" src=\"https:\/\/archivotomasmontero.org\/wp-content\/uploads\/2014\/12\/3.jpg\" alt=\"\" width=\"266\" height=\"425\" srcset=\"https:\/\/archivotomasmontero.org\/wp-content\/uploads\/2014\/12\/3.jpg 266w, https:\/\/archivotomasmontero.org\/wp-content\/uploads\/2014\/12\/3-188x300.jpg 188w\" sizes=\"auto, (max-width: 266px) 100vw, 266px\" \/><\/p>\n<p>&nbsp;<\/p>\n<p>\u00bfQu\u00e9 sentido tiene la extensa producci\u00f3n fotogr\u00e1fica que nos leg\u00f3 y que ahora, a cuarenta y cinco a\u00f1os de su muerte, comenzamos a desentra\u00f1ar? Si bien el impresionante conjunto de im\u00e1genes de pol\u00edtica, espect\u00e1culos, toros, aviaci\u00f3n, la cultura, retrato, paisajismo y cr\u00edtica social se puede entender como el producto natural del oficio de fotoperiodista, en el caso de <span style=\"color: #800000;\"><em><strong>Montero<\/strong><\/em><\/span> es preciso comprender el nexo de su fotograf\u00eda con otras actividades como el dibujo, la pintura y la publicidad.\u00a0 A diferencia de otros fot\u00f3grafos con los que comparti\u00f3 las p\u00e1ginas de las revistas ilustradas (Enrique D\u00edaz, Enrique Delgado, Aurelio Montes de Oca, los hermanos Mayo, Juan Guzm\u00e1n), <span style=\"color: #800000;\"><em><strong>Montero Torres<\/strong><\/em><\/span>\u00a0realiz\u00f3 estudios formales de bellas artes y continu\u00f3 combinando el ejercicio fotogr\u00e1fico con el del dibujo y la pintura a lo largo de su vida profesional. Otra singularidad respecto a los fot\u00f3grafos antes citados, es que en la producci\u00f3n de <span style=\"color: #800000;\"><em><strong>Montero<\/strong><\/em><\/span> podemos ver pr\u00e1cticamente todos los pasos de la pr\u00e1ctica del fotoperiodismo, desde la toma, la edici\u00f3n, la diagramaci\u00f3n, la titulaci\u00f3n y la maquetaci\u00f3n. En algunos muy bellos ejemplos de copias de \u00e9poca de la exposici\u00f3n <span style=\"color: #800000;\"><em><strong>\u201cHacia los m\u00e1rgenes: Tom\u00e1s Montero Torres, fot\u00f3grafo de oposici\u00f3n\u201d<\/strong><\/em><\/span> (en el Centro Cultural Universitario Tlatelolco de octubre de 2014 a marzo de 2015),\u00a0 puede verse c\u00f3mo <span style=\"color: #800000;\"><em><strong>Montero<\/strong><\/em><\/span> produc\u00eda fotograf\u00edas expresamente para editarlas, unirlas y hacer del conjunto una serie con un sentido espec\u00edfico.<\/p>\n<p>&nbsp;<\/p>\n<p><img loading=\"lazy\" decoding=\"async\" class=\"aligncenter wp-image-15009 size-full\" src=\"https:\/\/archivotomasmontero.org\/wp-content\/uploads\/2014\/12\/Edicion.jpg\" alt=\"\" width=\"609\" height=\"793\" srcset=\"https:\/\/archivotomasmontero.org\/wp-content\/uploads\/2014\/12\/Edicion.jpg 609w, https:\/\/archivotomasmontero.org\/wp-content\/uploads\/2014\/12\/Edicion-230x300.jpg 230w\" sizes=\"auto, (max-width: 609px) 100vw, 609px\" \/><\/p>\n<p>En esta exposici\u00f3n que orientamos hacia el trabajo fotoperiod\u00edstico de <span style=\"color: #800000;\"><strong><em>Tom\u00e1s Montero<\/em><\/strong><\/span> quisimos compartir con el espectador esta doble capacidad gr\u00e1fica y fotogr\u00e1fica dedicando un espacio de la exposici\u00f3n \u2014la primera sala de la entrada\u2014 a su versatilidad en el periodismo. Adem\u00e1s de tomar las fotos \u2014lo cual empez\u00f3 haciendo con c\u00e1maras relativamente lentas y pesadas\u2014 <span style=\"color: #800000;\"><em><strong>Montero<\/strong><\/em><\/span> tambi\u00e9n las editaba y re-encuadraba despu\u00e9s de la toma. En ocasiones montaba varias im\u00e1genes para imprimir un sentido m\u00e1s claro a la serie. Pero adem\u00e1s de <i>rep\u00f3rter<\/i>, <span style=\"color: #800000;\"><em><strong>Montero Torres<\/strong><\/em><\/span> fue grafista: parte de su trabajo en <i>La Naci\u00f3n<\/i> incluy\u00f3 la edici\u00f3n, maquetaci\u00f3n, dise\u00f1o y rotulaci\u00f3n, como muestran los originales de esta primera sala.<\/p>\n<figure id=\"attachment_11548\" aria-describedby=\"caption-attachment-11548\" style=\"width: 425px\" class=\"wp-caption aligncenter\"><img loading=\"lazy\" decoding=\"async\" class=\"wp-image-11548 size-full\" src=\"https:\/\/archivotomasmontero.org\/wp-content\/uploads\/2020\/12\/4.jpg\" alt=\"Acreditaci\u00f3n de &quot;La Naci\u00f3n&quot;\" width=\"425\" height=\"322\" srcset=\"https:\/\/archivotomasmontero.org\/wp-content\/uploads\/2020\/12\/4.jpg 425w, https:\/\/archivotomasmontero.org\/wp-content\/uploads\/2020\/12\/4-300x227.jpg 300w\" sizes=\"auto, (max-width: 425px) 100vw, 425px\" \/><figcaption id=\"caption-attachment-11548\" class=\"wp-caption-text\">Acreditaci\u00f3n de &#8220;La Naci\u00f3n&#8221;<\/figcaption><\/figure>\n<p>Es <i>La Naci\u00f3n,<\/i> la revista del Partido de Acci\u00f3n Nacional fundada por el periodista Carlos Septi\u00e9n Garc\u00eda en 1941, la que le ofrece la oportunidad de convertirse en fot\u00f3grafo adem\u00e1s de dibujante. No s\u00f3lo concebir\u00e1 <span style=\"color: #800000;\"><em><strong>Montero<\/strong><\/em><\/span> el dise\u00f1o e imagen gr\u00e1fica de la revista (cuya portada original era azul y no naranja, como despu\u00e9s se le conoci\u00f3), sino que realiza un n\u00famero impresionante de reportajes s\u00f3lo para \u00e9sta: en los primeros cinco a\u00f1os de la revista (1941-1946) habr\u00e1 desarrollado cerca de trescientos reportajes.<\/p>\n<figure id=\"attachment_11518\" aria-describedby=\"caption-attachment-11518\" style=\"width: 699px\" class=\"wp-caption aligncenter\"><img loading=\"lazy\" decoding=\"async\" class=\"wp-image-11518 size-full\" src=\"https:\/\/archivotomasmontero.org\/wp-content\/uploads\/2020\/12\/Huelga1.jpg\" alt=\"Huelga\" width=\"699\" height=\"208\" srcset=\"https:\/\/archivotomasmontero.org\/wp-content\/uploads\/2020\/12\/Huelga1.jpg 699w, https:\/\/archivotomasmontero.org\/wp-content\/uploads\/2020\/12\/Huelga1-300x89.jpg 300w\" sizes=\"auto, (max-width: 699px) 100vw, 699px\" \/><figcaption id=\"caption-attachment-11518\" class=\"wp-caption-text\">Huelga<\/figcaption><\/figure>\n<p>&nbsp;<\/p>\n<p><img loading=\"lazy\" decoding=\"async\" class=\"alignright wp-image-15008 size-full\" src=\"https:\/\/archivotomasmontero.org\/wp-content\/uploads\/2014\/12\/anonimos1.jpg\" alt=\"\" width=\"271\" height=\"420\" srcset=\"https:\/\/archivotomasmontero.org\/wp-content\/uploads\/2014\/12\/anonimos1.jpg 271w, https:\/\/archivotomasmontero.org\/wp-content\/uploads\/2014\/12\/anonimos1-194x300.jpg 194w\" sizes=\"auto, (max-width: 271px) 100vw, 271px\" \/>Al respecto del ejercicio del fotoperiodismo en las d\u00e9cadas en las que trabaj\u00f3 <span style=\"color: #800000;\"><em><strong>Montero<\/strong><\/em><\/span> se ha de decir que \u00e9ste no era f\u00e1cil: a la poca consideraci\u00f3n profesional, se sumaba el atraso t\u00e9cnico, la nula capacitaci\u00f3n y los bajos sueldos. El \u00e1mbito del fotoperiodismo estaba regido por estrategias de censura tan imperceptibles como el control del papel por parte del gobierno o tan violentas y corruptas como la amenaza o el soborno, \u201cchayote\u201d o \u201cembute\u201d. Todav\u00eda en los a\u00f1os cuarenta el control de la prensa sigue la estrategia del \u201cpan o palo\u201d del Porfiriato: algunos colegas de <span style=\"color: #800000;\"><em><strong>Montero<\/strong><\/em><\/span> afirmaban, sin verg\u00fcenza alguna, que era m\u00e1s f\u00e1cil ganar dinero por lo que no se publicaba que por lo que lograba publicarse.<\/p>\n<p>Si <span style=\"color: #800000;\"><em><strong>Tom\u00e1s Montero<\/strong><\/em><\/span> logr\u00f3 publicar sus fotograf\u00edas que expon\u00edan las pr\u00e1cticas autoritarias de los gobiernos posrevolucionarios fue por la relativa autonom\u00eda econ\u00f3mica de <i>La Naci\u00f3n.<\/i> Apoyado por su director, Carlos Septi\u00e9n, <span style=\"color: #800000;\"><em><strong>Montero Torres<\/strong><\/em><\/span> produjo una fotograf\u00eda directa y sin ambages que criticaba frontalmente el discurso desarrollista pri\u00edsta desde una perspectiva social-cat\u00f3lica y de derechas que se asum\u00eda a s\u00ed misma como democr\u00e1tica. Ese ser\u00eda el centro, el eje de nuestra exposici\u00f3n: el explicar al espectador, mediante la selecci\u00f3n y el discurso museogr\u00e1fico, qu\u00e9 y c\u00f3mo era el fotoperiodismo de oposici\u00f3n. <i><\/i><\/p>\n<p style=\"text-align: left;\" align=\"center\"><b>II. Un fot\u00f3grafo de la oposici\u00f3n<\/b><\/p>\n<p>Publicado de manera an\u00f3nima en <i>Ma\u00f1ana <\/i>en 1946, pero escrito por la pluma del portugu\u00e9s Antonio Rodr\u00edguez, el art\u00edculo de la serie \u201cAses de la c\u00e1mara\u201d dedicado a Tom\u00e1s Montero Torres llevaba el revelador subt\u00edtulo de \u201cCon su Leica hace tremendas acusaciones pol\u00edticas\u201d. Que Rodr\u00edguez, comunista y uno de los m\u00e1s fieros cr\u00edticos de la \u00e9poca, alabara a Montero por encontrar \u201clo negro en donde los dem\u00e1s no advierten o no quieren advertir sino lo blanco\u201d y lo definiera como \u201cel fot\u00f3grafo de la oposici\u00f3n\u201d resulta significativo. \u00bfPero qu\u00e9 significaba ser de oposici\u00f3n en esa \u00e9poca?<\/p>\n<p>&nbsp;<\/p>\n<p><img loading=\"lazy\" decoding=\"async\" class=\"aligncenter wp-image-15007 size-full\" src=\"https:\/\/archivotomasmontero.org\/wp-content\/uploads\/2014\/12\/5.jpg\" alt=\"\" width=\"425\" height=\"299\" srcset=\"https:\/\/archivotomasmontero.org\/wp-content\/uploads\/2014\/12\/5.jpg 425w, https:\/\/archivotomasmontero.org\/wp-content\/uploads\/2014\/12\/5-300x211.jpg 300w\" sizes=\"auto, (max-width: 425px) 100vw, 425px\" \/><\/p>\n<p>Desde principios de los a\u00f1os treinta y, sobre todo, a partir del control directo del suministro de papel por parte de la Productora e Importadora de Papel (PIPSA), los distintos gobiernos revolucionarios ejercieron un sutil \u2014pero real\u2014 control de la prensa. El \u00e1mbito del fotoperiodismo al que se integr\u00f3 Montero en 1941 estaba, pues, regido por estrategias directas o t\u00e1citas de manipulaci\u00f3n de la informaci\u00f3n que iban desde la amenaza, censura y los golpes hasta la asimilaci\u00f3n del contenido gr\u00e1fico a la doctrina del gobierno a trav\u00e9s de \u201cchayas\u201d o \u201cembutes\u201d, es decir, de sobornos.<\/p>\n<p><img loading=\"lazy\" decoding=\"async\" class=\"aligncenter wp-image-12511 size-full\" src=\"https:\/\/archivotomasmontero.org\/wp-content\/uploads\/2021\/03\/6.jpg\" alt=\"\" width=\"425\" height=\"273\" srcset=\"https:\/\/archivotomasmontero.org\/wp-content\/uploads\/2021\/03\/6.jpg 425w, https:\/\/archivotomasmontero.org\/wp-content\/uploads\/2021\/03\/6-300x193.jpg 300w\" sizes=\"auto, (max-width: 425px) 100vw, 425px\" \/><\/p>\n<p>En tal entorno gubernamental de banderas \u201crevolucionarias\u201d de izquierda, no pod\u00eda pasar desapercibida ni la adscripci\u00f3n de <span style=\"color: #800000;\"><em><strong>Montero<\/strong><\/em><\/span> al Partido de Acci\u00f3n Nacional (al que pertenec\u00eda desde su fundaci\u00f3n en 1939), ni su responsabilidad como pr\u00e1ctico creador \u00fanico del concepto gr\u00e1fico y la fotograf\u00eda de <i>La Naci\u00f3n, <\/i>producto de su cercan\u00eda con\u00a0 Carlos Septi\u00e9n Garc\u00eda. Hasta su muerte en un accidente en 1948, \u00e9ste tendr\u00eda una significativa influencia en su formaci\u00f3n y desarrollo como fotoperiodista: de ah\u00ed el car\u00e1cter frontal y sin ambages o adornos de su fotograf\u00eda pol\u00edtica y social.<\/p>\n<p>&nbsp;<\/p>\n<p><img loading=\"lazy\" decoding=\"async\" class=\"aligncenter wp-image-15006 size-full\" src=\"https:\/\/archivotomasmontero.org\/wp-content\/uploads\/2014\/12\/9.jpg\" alt=\"\" width=\"425\" height=\"283\" srcset=\"https:\/\/archivotomasmontero.org\/wp-content\/uploads\/2014\/12\/9.jpg 425w, https:\/\/archivotomasmontero.org\/wp-content\/uploads\/2014\/12\/9-300x200.jpg 300w\" sizes=\"auto, (max-width: 425px) 100vw, 425px\" \/><\/p>\n<p>Si algo caracteriza a <span style=\"color: #800000;\"><em><strong>Montero<\/strong><\/em><\/span> es su profundo sentido de compasi\u00f3n y de preocupaci\u00f3n social: es ah\u00ed donde coincide con Antonio Rodr\u00edguez o Francisco Mayo, quienes a pesar de desplegar una tendencia pol\u00edtica diametralmente opuesta a la suya, lo respetar\u00e1n personal y profesionalmente. Rodr\u00edguez alabar\u00e1 su tes\u00f3n por mantener vivo \u201cel fuego del combate\u201d a trav\u00e9s de su fotograf\u00eda:<\/p>\n<p>\u2026en vez de fijarse s\u00f3lo en las actividades desanalfabetizadoras, capta escenas de escuelas destruidas, en los ferrocarriles, descubre la incuria, la desorganizaci\u00f3n, el caos; en las elecciones, denuncia el fraude, la violaci\u00f3n, la ilegalidad; en los retratos de los pol\u00edticos presenta lo grotesco, lo rid\u00edculo\u2026<a title=\"\" href=\"#_edn1\">[i]<\/a><\/p>\n<div id='gallery-1' class='gallery galleryid-2983 gallery-columns-3 gallery-size-thumbnail'><figure class='gallery-item'>\n\t\t\t<div class='gallery-icon landscape'>\n\t\t\t\t<a href='https:\/\/archivotomasmontero.org\/11-5\/'><img loading=\"lazy\" decoding=\"async\" width=\"150\" height=\"150\" src=\"https:\/\/archivotomasmontero.org\/wp-content\/uploads\/2021\/03\/11-150x150.jpg\" class=\"attachment-thumbnail size-thumbnail\" alt=\"\" srcset=\"https:\/\/archivotomasmontero.org\/wp-content\/uploads\/2021\/03\/11-150x150.jpg 150w, https:\/\/archivotomasmontero.org\/wp-content\/uploads\/2021\/03\/11-160x160.jpg 160w\" sizes=\"auto, (max-width: 150px) 100vw, 150px\" \/><\/a>\n\t\t\t<\/div><\/figure><figure class='gallery-item'>\n\t\t\t<div class='gallery-icon landscape'>\n\t\t\t\t<a href='https:\/\/archivotomasmontero.org\/10-5\/'><img loading=\"lazy\" decoding=\"async\" width=\"150\" height=\"150\" src=\"https:\/\/archivotomasmontero.org\/wp-content\/uploads\/2021\/03\/10-150x150.jpg\" class=\"attachment-thumbnail size-thumbnail\" alt=\"\" srcset=\"https:\/\/archivotomasmontero.org\/wp-content\/uploads\/2021\/03\/10-150x150.jpg 150w, https:\/\/archivotomasmontero.org\/wp-content\/uploads\/2021\/03\/10-160x160.jpg 160w\" sizes=\"auto, (max-width: 150px) 100vw, 150px\" \/><\/a>\n\t\t\t<\/div><\/figure>\n\t\t<\/div>\n\n<p>&nbsp;<\/p>\n<p>Justo en ese a\u00f1o de 1946,\u00a0 Montero hab\u00eda dejado testimonio de la violencia en las elecciones y, cuatro a\u00f1os antes, del robo de urnas. Ante Rodr\u00edguez, deja clara su posici\u00f3n como fot\u00f3grafo: \u201cSirvo mejor a M\u00e9xico criticando, que escondiendo la realidad bajo un manto hip\u00f3crita de adulaci\u00f3n.\u201d<a title=\"\" href=\"#_edn2\">[ii]<\/a> Si la fotograf\u00eda de Montero no es nueva, dir\u00e1 Rodr\u00edguez, por lo menos se distingue de la restante fotograf\u00eda que se hace en los otros peri\u00f3dicos de M\u00e9xico: es \u201cfuerte, din\u00e1mica, impresionante, plena de intenci\u00f3n pol\u00edtica y extraordinariamente combativa\u201d.<a title=\"\" href=\"#_edn3\">[iii]<\/a><\/p>\n<p style=\"text-align: left;\" align=\"center\"><b>III: La investigaci\u00f3n y la exposici\u00f3n<\/b><\/p>\n<p>La investigaci\u00f3n que posibilit\u00f3 esta muestra surgi\u00f3 de la colaboraci\u00f3n que desde 2011 han tenido el Seminario de Investigaci\u00f3n del Instituto de Investigaciones Est\u00e9ticas y el <span style=\"color: #800000;\"><em><strong>Archivo Tom\u00e1s Montero Torres.<\/strong><\/em><\/span><\/p>\n<p>El trabajo comprendi\u00f3 el estudio radiogr\u00e1fico del acervo compuesto por \u00a087,000 clich\u00e9s del <span style=\"color: #800000;\"><em><strong>Archivo Tom\u00e1s Montero Torres<\/strong><\/em><\/span>, la digitalizaci\u00f3n b\u00e1sica de 32,000 de esas fotograf\u00edas y la selecci\u00f3n, escaneo y reproducci\u00f3n digital de las im\u00e1genes de la exposici\u00f3n. Durante seis meses realizamos una b\u00fasqueda e investigaci\u00f3n de aquellas im\u00e1genes que se ajustaban al tema central de las manifestaciones sociales. En esta fase, contamos con la ayuda important\u00edsima de Gerardo Ceballos, director del Centro de Estudios, Documentaci\u00f3n e Investigaci\u00f3n sobre el Partido Acci\u00f3n Nacional (CEDISPAN) de la Fundaci\u00f3n Rafael Preciado, cuyo archivo permiti\u00f3 analizar el v\u00ednculo entre el conjunto de im\u00e1genes producidas por <span style=\"color: #800000;\"><em><strong>Montero<\/strong><\/em><\/span> y aquellas que en su tiempo fueron seleccionadas para ser publicadas. Este estudio tambi\u00e9n nos permiti\u00f3 comprender c\u00f3mo trabajaba <span style=\"color: #800000;\"><em><strong>Montero<\/strong><\/em><\/span> preparando algunas tomas de antemano (por ejemplo, las de las series) y c\u00f3mo editaba posteriormente las im\u00e1genes para ser publicadas. Tambi\u00e9n encontramos constancia en las peque\u00f1as copias de \u00e9poca de la intervenci\u00f3n de <span style=\"color: #800000;\"><em><strong>Montero<\/strong><\/em><\/span> como grafista en <i>La Naci\u00f3n.<\/i><\/p>\n<p><img loading=\"lazy\" decoding=\"async\" class=\"aligncenter wp-image-12500 size-full\" src=\"https:\/\/archivotomasmontero.org\/wp-content\/uploads\/2021\/03\/7.jpg\" alt=\"\" width=\"425\" height=\"287\" srcset=\"https:\/\/archivotomasmontero.org\/wp-content\/uploads\/2021\/03\/7.jpg 425w, https:\/\/archivotomasmontero.org\/wp-content\/uploads\/2021\/03\/7-300x203.jpg 300w\" sizes=\"auto, (max-width: 425px) 100vw, 425px\" \/><\/p>\n<p>A esta fase sigui\u00f3 aquella de ver todo el material varias veces y elegir preliminarmente las im\u00e1genes que pens\u00e1bamos pod\u00edan entrar en la exposici\u00f3n.\u00a0 As\u00ed obtuvimos una selecci\u00f3n de unas 500 im\u00e1genes que agrupamos por temas. Luego hubimos de elegir cu\u00e1les de estos temas mostraban mejor el trabajo de <span style=\"color: #800000;\"><em><strong>Montero<\/strong><\/em><\/span>, por un lado, y, por el otro, volv\u00edan visible la historia del momento. As\u00ed llegamos a los 8 n\u00facleos tem\u00e1ticos que conforman la exposici\u00f3n.<\/p>\n<p><b>1. <\/b><span style=\"color: #800000;\"><em><strong>Tom\u00e1s Montero<\/strong><\/em><span style=\"color: #000000;\"><b> y el fotoperiodismo <\/b><\/span><\/span><\/p>\n<p>Usos y t\u00e9cnicas del fotoperiodismo en los a\u00f1os cuarenta. La extraordinaria versatilidad de <span style=\"color: #800000;\"><em><strong>Tom\u00e1s Montero<\/strong> <\/em><\/span>como grafista y maquetista de <i>La Naci\u00f3n.<\/i><\/p>\n<p><b>2. Gobierno y propaganda <\/b><\/p>\n<p>La imagen oficial, de propaganda, de los gobiernos de Manuel \u00c1vila Camacho y Miguel Alem\u00e1n. <span style=\"color: #800000;\"><em><strong>Montero<\/strong><\/em><\/span> destaca la creciente tendencia centralista y presidencialista de esos a\u00f1os.<i><\/i><\/p>\n<p><b>3. Los entresijos de la modernidad <\/b><\/p>\n<p>Los \u201chuecos\u201d de la modernidad desarrollista de los a\u00f1os del \u201cmilagro mexicano\u201d: los efectos colaterales del descuido en la infraestructura urbana y la vivienda popular.<i><\/i><\/p>\n<p><b>4. M\u00e1rgenes e instituciones <\/b><\/p>\n<p><span style=\"color: #800000;\"><em><strong>Montero<\/strong><\/em><\/span> concentra su atenci\u00f3n en el abandono de los ni\u00f1os de la calle, el deterioro de las escuelas y las condiciones \u00ednfimas de las instituciones de atenci\u00f3n social. <i><\/i><\/p>\n<p><b>5. Religi\u00f3n<\/b><\/p>\n<p>Tras el conflicto cristero de los a\u00f1os veinte, las im\u00e1genes que dan cuenta del fervor religioso del pueblo mexicano comienzan a aparecer, progresivamente, durante el sexenio de \u00c1vila Camacho.<i><\/i><\/p>\n<p><b>6. La \u00faltima y nos vamos <\/b><\/p>\n<p>La campa\u00f1a contra el consumo popular del pulque se implementa de manera simult\u00e1nea a la expansi\u00f3n de la industria cervecera apoyada por \u00c1vila Camacho. <i><\/i><\/p>\n<p><b>7. Disensi\u00f3n y movimientos sociales <\/b><\/p>\n<p>Los gobiernos revolucionarios contuvieron a los sectores agrarios y proletarios mediante el control solapado de las asociaciones gremiales, durante los a\u00f1os del \u201cmilagro mexicano\u201d el descontento social se hizo visible en un n\u00famero variado de frentes.<\/p>\n<p><b>8. Relevo, m\u00e1scara y transa (la pol\u00edtica<\/b>)<\/p>\n<p>A lo largo del gobierno de Alem\u00e1n y, de manera especial, durante las elecciones de 1952, <span style=\"color: #800000;\"><em><strong>Montero<\/strong><\/em><\/span> continu\u00f3 registrando el fraude, la ilegalidad y la violencia, as\u00ed como sus efectos en los distintos agentes pol\u00edticos.<\/p>\n<p><b>8. Al mal tiempo, buena cara (desastres)<\/b><\/p>\n<p>Ante los desastres \u2014desde los pol\u00edticos hasta los naturales\u2014, el mexicano responde con humor.\u00a0 As\u00ed termina la novela de Carlos Fuentes: <em>\u201cAqu\u00ed nos toc\u00f3. Qu\u00e9 le vamos a hacer. En la regi\u00f3n m\u00e1s transparente del aire\u2026\u201d<\/em>.<\/p>\n<p>Y aqu\u00ed termino yo, dando las gracias a quienes hicieron posible esta exposici\u00f3n. En primer lugar, al equipo de investigaci\u00f3n del Seminario de Investigaci\u00f3n en Fotograf\u00eda del IIE, que este a\u00f1o estuvo conformado por:<\/p>\n<ul>\n<li>Elva Peniche<\/li>\n<li>Iv\u00e1n Hern\u00e1ndez Cort\u00e9s<\/li>\n<li>Elena Rojas Parra<\/li>\n<li>Luis Fernando Garc\u00eda Le\u00f3n<\/li>\n<li>Mar\u00eda Jos\u00e9 Crespo<\/li>\n<li>Tambi\u00e9n fue imprescindible la colaboraci\u00f3n del <span style=\"color: #800000;\"><em><strong>Archivo Tom\u00e1s Montero Torres<\/strong><\/em><\/span>:<\/li>\n<li>Martha Patricia Montero<\/li>\n<li>Silvia S\u00e1nchez Montero<\/li>\n<li>Julieta S\u00e1nchez Montero<\/li>\n<li>Claudia Montero<\/li>\n<\/ul>\n<p>Aqu\u00ed cabe el gran agradecimiento, personal e institucional, al Centro Cultural Universitario Tlaltelolco, quien puj\u00f3 para hacer posible este: a Jorge Jim\u00e9nez Renter\u00eda, agradezco su convencimiento en la importancia del proyecto. A Esmeralda Reynoso, coordinadora del Memorial del 68, su apoyo y seguimiento continuo, a pie del ca\u00f1\u00f3n, desde los primeros meses de la investigaci\u00f3n.\u00a0 A Ander Azpiri, subdirector del Centro, su incre\u00edble capacidad para manejar cualquier situaci\u00f3n con una sonrisa en la boca. En el dise\u00f1o y montaje de la exposici\u00f3n fue fundamental el trabajo de Fernando Castro, quien dio materialidad, luz y color a la muestra. Gracias, Fernando, a ti y a tu equipo que hicieron lo imposible posible.<\/p>\n<p>&nbsp;<\/p>\n<p><img loading=\"lazy\" decoding=\"async\" class=\"aligncenter wp-image-15005 size-full\" src=\"https:\/\/archivotomasmontero.org\/wp-content\/uploads\/2014\/12\/8.jpg\" alt=\"\" width=\"297\" height=\"425\" srcset=\"https:\/\/archivotomasmontero.org\/wp-content\/uploads\/2014\/12\/8.jpg 297w, https:\/\/archivotomasmontero.org\/wp-content\/uploads\/2014\/12\/8-210x300.jpg 210w\" sizes=\"auto, (max-width: 297px) 100vw, 297px\" \/><\/p>\n<div>\n<hr align=\"left\" width=\"33%\" \/>\n<p><a style=\"padding-left: 40px; font-size: 11px;\" title=\"\" href=\"#_ednref1\">[i]<\/a> <i>Ibid.,<\/i> pp. 38.<\/p>\n<p><a style=\"padding-left: 40px; font-size: 11px;\" title=\"\" href=\"#_ednref2\">[ii]<\/a>Montero cit. por Rodr\u00edguez, <i>idem. <\/i><\/p>\n<p><a style=\"padding-left: 40px; font-size: 11px;\" title=\"\" href=\"#_ednref3\">[iii]<\/a> <i>Idem.<\/i><\/p>\n<p style=\"padding-left: 40px; font-size: 11px;\">(*) Laura Gonz\u00e1lez Flores es\u00a0Doctora en Bellas Artes por la Universidad de Barcelona (<em>Sobresaliente Cum Laude<\/em>, 1998), posee tambi\u00e9n un grado de Maestr\u00eda en Artes (MFA) por la Escuela del Instituto de Arte de Chicago (1990) y la Licenciatura en Artes Visuales de la UNAM (Medalla\u00a0<em>Gabino Barreda en Artes Visuales<\/em>, 1986).\u00a0Desde 1986 se dedica a la producci\u00f3n, investigaci\u00f3n, promoci\u00f3n, cr\u00edtica y teor\u00eda de la fotograf\u00eda. Pertenece al Sistema Nacional de Investigadores desde 1999. Desde 2001 es miembro de la Mesa Directiva la Fundaci\u00f3n Cultural Mariana Yampolsky, A.C. as\u00ed como del Consejo Consultivo del Sistema Nacional de Fototecas (Instituto Nacional de Antropolog\u00eda e Historia).\u00a0Actualmente es investigadora en el Instituto de Investigaciones Est\u00e9ticas de la UNAM, donde realiza la investigaci\u00f3n\u00a0<em>Hacia una est\u00e9tica del siglo XXI: la artisticidad de las nuevas tecnolog\u00edas de la imagen. <\/em>Fue curadora de la primera exposici\u00f3n sobre el trabajo fotogr\u00e1fico de <span style=\"color: #800000;\"><em><strong>Tom\u00e1s Montero Torres<\/strong><\/em><\/span> en su natal Morelia, Michoac\u00e1n: <span style=\"color: #800000;\"><em><strong>A vuelo de c\u00e1mara<\/strong><\/em><\/span>, y tambi\u00e9n de la exposici\u00f3n sobre la cual versa esta colaboraci\u00f3n para nuestro blog: <span style=\"color: #800000;\"><em><strong>Hacia los m\u00e1rgenes: Tom\u00e1s Montero Torres, fot\u00f3grafo de oposici\u00f3n<\/strong><\/em><\/span>. En el <span style=\"color: #800000;\"><em><strong>Archivo Tom\u00e1s Montero Torres<\/strong><\/em><\/span> nos sentimos muy honrados de contar con su entusiasta participaci\u00f3n, sus ense\u00f1anzas, su entrega y su amistad.<\/p>\n<\/div>\n","protected":false},"excerpt":{"rendered":"<p>I. Una presentaci\u00f3n en sociedad Un \u201cestuche de verdad\u201d, lo fue este g\u00fcero: fot\u00f3grafo, pintor, acuarelista, surrealista, cantor, un gran mambero, euf\u00f3rico escritor y publicista\u2026 \u00a0coloreando sus placas \u201cflexicrom\u201d se pasaba los d\u00edas, o bien, bailando al r\u00edtmico estallar de un rico mambo o consumiendo el n\u00e9ctar de un jaibol \u00a0calavera a tom\u00e1s montero, aerov\u00edas reforma Hasta hoy, el michoacano Tom\u00e1s Montero Torres ha sido un fot\u00f3grafo poco conocido. A pesar de haber reunido el impresionante archivo del que surge [&hellip;]<\/p>\n","protected":false},"author":2,"featured_media":12490,"comment_status":"open","ping_status":"open","sticky":false,"template":"","format":"image","meta":{"footnotes":""},"categories":[551,531,532],"tags":[110,158,167,258,321],"class_list":["post-2983","post","type-post","status-publish","format-image","has-post-thumbnail","hentry","category-exposicion","category-historia","category-reportero-grafico","tag-centro-cultural-universitario-tlatelolco","tag-exposicion","tag-fotoperiodismo","tag-oposicion","tag-tomas-montero-torres","post_format-post-format-image"],"yoast_head":"<!-- This site is optimized with the Yoast SEO plugin v27.4 - https:\/\/yoast.com\/product\/yoast-seo-wordpress\/ -->\n<title>Hacia los m\u00e1rgenes: Tom\u00e1s Montero Torres, fot\u00f3grafo de oposici\u00f3n - Archivo - Montero<\/title>\n<meta name=\"robots\" content=\"index, follow, max-snippet:-1, max-image-preview:large, max-video-preview:-1\" \/>\n<link rel=\"canonical\" href=\"https:\/\/archivotomasmontero.org\/index.php\/2014\/12\/16\/hacia-los-margenes-tomas-montero-torres-fotografo-de-oposicion\/\" \/>\n<meta property=\"og:locale\" content=\"es_MX\" \/>\n<meta property=\"og:type\" content=\"article\" \/>\n<meta property=\"og:title\" content=\"Hacia los m\u00e1rgenes: Tom\u00e1s Montero Torres, fot\u00f3grafo de oposici\u00f3n - Archivo - Montero\" \/>\n<meta property=\"og:description\" content=\"I. Una presentaci\u00f3n en sociedad Un \u201cestuche de verdad\u201d, lo fue este g\u00fcero: fot\u00f3grafo, pintor, acuarelista, surrealista, cantor, un gran mambero, euf\u00f3rico escritor y publicista\u2026 \u00a0coloreando sus placas \u201cflexicrom\u201d se pasaba los d\u00edas, o bien, bailando al r\u00edtmico estallar de un rico mambo o consumiendo el n\u00e9ctar de un jaibol \u00a0calavera a tom\u00e1s montero, aerov\u00edas reforma Hasta hoy, el michoacano Tom\u00e1s Montero Torres ha sido un fot\u00f3grafo poco conocido. A pesar de haber reunido el impresionante archivo del que surge [&hellip;]\" \/>\n<meta property=\"og:url\" content=\"https:\/\/archivotomasmontero.org\/index.php\/2014\/12\/16\/hacia-los-margenes-tomas-montero-torres-fotografo-de-oposicion\/\" \/>\n<meta property=\"og:site_name\" content=\"Archivo - Montero\" \/>\n<meta property=\"article:published_time\" content=\"2014-12-16T16:11:25+00:00\" \/>\n<meta property=\"article:modified_time\" content=\"2021-06-01T06:13:01+00:00\" \/>\n<meta property=\"og:image\" content=\"https:\/\/archivotomasmontero.org\/wp-content\/uploads\/2021\/03\/1.jpg\" \/>\n\t<meta property=\"og:image:width\" content=\"425\" \/>\n\t<meta property=\"og:image:height\" content=\"344\" \/>\n\t<meta property=\"og:image:type\" content=\"image\/jpeg\" \/>\n<meta name=\"author\" content=\"Administrador TMT\" \/>\n<meta name=\"twitter:card\" content=\"summary_large_image\" \/>\n<meta name=\"twitter:label1\" content=\"Escrito por\" \/>\n\t<meta name=\"twitter:data1\" content=\"Administrador TMT\" \/>\n\t<meta name=\"twitter:label2\" content=\"Tiempo de lectura\" \/>\n\t<meta name=\"twitter:data2\" content=\"13 minutos\" \/>\n<script type=\"application\/ld+json\" class=\"yoast-schema-graph\">{\"@context\":\"https:\\\/\\\/schema.org\",\"@graph\":[{\"@type\":\"Article\",\"@id\":\"https:\\\/\\\/archivotomasmontero.org\\\/index.php\\\/2014\\\/12\\\/16\\\/hacia-los-margenes-tomas-montero-torres-fotografo-de-oposicion\\\/#article\",\"isPartOf\":{\"@id\":\"https:\\\/\\\/archivotomasmontero.org\\\/index.php\\\/2014\\\/12\\\/16\\\/hacia-los-margenes-tomas-montero-torres-fotografo-de-oposicion\\\/\"},\"author\":{\"name\":\"Administrador TMT\",\"@id\":\"https:\\\/\\\/archivotomasmontero.org\\\/#\\\/schema\\\/person\\\/4841c362ff8252eb61a6ecf8aace788c\"},\"headline\":\"Hacia los m\u00e1rgenes: Tom\u00e1s Montero Torres, fot\u00f3grafo de oposici\u00f3n\",\"datePublished\":\"2014-12-16T16:11:25+00:00\",\"dateModified\":\"2021-06-01T06:13:01+00:00\",\"mainEntityOfPage\":{\"@id\":\"https:\\\/\\\/archivotomasmontero.org\\\/index.php\\\/2014\\\/12\\\/16\\\/hacia-los-margenes-tomas-montero-torres-fotografo-de-oposicion\\\/\"},\"wordCount\":2789,\"commentCount\":0,\"image\":{\"@id\":\"https:\\\/\\\/archivotomasmontero.org\\\/index.php\\\/2014\\\/12\\\/16\\\/hacia-los-margenes-tomas-montero-torres-fotografo-de-oposicion\\\/#primaryimage\"},\"thumbnailUrl\":\"https:\\\/\\\/archivotomasmontero.org\\\/wp-content\\\/uploads\\\/2021\\\/03\\\/1.jpg\",\"keywords\":[\"Centro Cultural Universitario Tlatelolco\",\"Exposici\u00f3n\",\"Fotoperiodismo\",\"Oposici\u00f3n\",\"Tom\u00e1s Montero Torres\"],\"articleSection\":[\"Exposici\u00f3n\",\"Historia\",\"Reportero gr\u00e1fico\"],\"inLanguage\":\"es\",\"potentialAction\":[{\"@type\":\"CommentAction\",\"name\":\"Comment\",\"target\":[\"https:\\\/\\\/archivotomasmontero.org\\\/index.php\\\/2014\\\/12\\\/16\\\/hacia-los-margenes-tomas-montero-torres-fotografo-de-oposicion\\\/#respond\"]}]},{\"@type\":\"WebPage\",\"@id\":\"https:\\\/\\\/archivotomasmontero.org\\\/index.php\\\/2014\\\/12\\\/16\\\/hacia-los-margenes-tomas-montero-torres-fotografo-de-oposicion\\\/\",\"url\":\"https:\\\/\\\/archivotomasmontero.org\\\/index.php\\\/2014\\\/12\\\/16\\\/hacia-los-margenes-tomas-montero-torres-fotografo-de-oposicion\\\/\",\"name\":\"Hacia los m\u00e1rgenes: Tom\u00e1s Montero Torres, fot\u00f3grafo de oposici\u00f3n - Archivo - Montero\",\"isPartOf\":{\"@id\":\"https:\\\/\\\/archivotomasmontero.org\\\/#website\"},\"primaryImageOfPage\":{\"@id\":\"https:\\\/\\\/archivotomasmontero.org\\\/index.php\\\/2014\\\/12\\\/16\\\/hacia-los-margenes-tomas-montero-torres-fotografo-de-oposicion\\\/#primaryimage\"},\"image\":{\"@id\":\"https:\\\/\\\/archivotomasmontero.org\\\/index.php\\\/2014\\\/12\\\/16\\\/hacia-los-margenes-tomas-montero-torres-fotografo-de-oposicion\\\/#primaryimage\"},\"thumbnailUrl\":\"https:\\\/\\\/archivotomasmontero.org\\\/wp-content\\\/uploads\\\/2021\\\/03\\\/1.jpg\",\"datePublished\":\"2014-12-16T16:11:25+00:00\",\"dateModified\":\"2021-06-01T06:13:01+00:00\",\"author\":{\"@id\":\"https:\\\/\\\/archivotomasmontero.org\\\/#\\\/schema\\\/person\\\/4841c362ff8252eb61a6ecf8aace788c\"},\"breadcrumb\":{\"@id\":\"https:\\\/\\\/archivotomasmontero.org\\\/index.php\\\/2014\\\/12\\\/16\\\/hacia-los-margenes-tomas-montero-torres-fotografo-de-oposicion\\\/#breadcrumb\"},\"inLanguage\":\"es\",\"potentialAction\":[{\"@type\":\"ReadAction\",\"target\":[\"https:\\\/\\\/archivotomasmontero.org\\\/index.php\\\/2014\\\/12\\\/16\\\/hacia-los-margenes-tomas-montero-torres-fotografo-de-oposicion\\\/\"]}]},{\"@type\":\"ImageObject\",\"inLanguage\":\"es\",\"@id\":\"https:\\\/\\\/archivotomasmontero.org\\\/index.php\\\/2014\\\/12\\\/16\\\/hacia-los-margenes-tomas-montero-torres-fotografo-de-oposicion\\\/#primaryimage\",\"url\":\"https:\\\/\\\/archivotomasmontero.org\\\/wp-content\\\/uploads\\\/2021\\\/03\\\/1.jpg\",\"contentUrl\":\"https:\\\/\\\/archivotomasmontero.org\\\/wp-content\\\/uploads\\\/2021\\\/03\\\/1.jpg\",\"width\":425,\"height\":344,\"caption\":\"Tom\u00e1s Montero Torres\"},{\"@type\":\"BreadcrumbList\",\"@id\":\"https:\\\/\\\/archivotomasmontero.org\\\/index.php\\\/2014\\\/12\\\/16\\\/hacia-los-margenes-tomas-montero-torres-fotografo-de-oposicion\\\/#breadcrumb\",\"itemListElement\":[{\"@type\":\"ListItem\",\"position\":1,\"name\":\"Inicio\",\"item\":\"https:\\\/\\\/archivotomasmontero.org\\\/\"},{\"@type\":\"ListItem\",\"position\":2,\"name\":\"Hacia los m\u00e1rgenes: Tom\u00e1s Montero Torres, fot\u00f3grafo de oposici\u00f3n\"}]},{\"@type\":\"WebSite\",\"@id\":\"https:\\\/\\\/archivotomasmontero.org\\\/#website\",\"url\":\"https:\\\/\\\/archivotomasmontero.org\\\/\",\"name\":\"Archivo - Montero\",\"description\":\"Archivo Tomas Montero Torres\",\"potentialAction\":[{\"@type\":\"SearchAction\",\"target\":{\"@type\":\"EntryPoint\",\"urlTemplate\":\"https:\\\/\\\/archivotomasmontero.org\\\/?s={search_term_string}\"},\"query-input\":{\"@type\":\"PropertyValueSpecification\",\"valueRequired\":true,\"valueName\":\"search_term_string\"}}],\"inLanguage\":\"es\"},{\"@type\":\"Person\",\"@id\":\"https:\\\/\\\/archivotomasmontero.org\\\/#\\\/schema\\\/person\\\/4841c362ff8252eb61a6ecf8aace788c\",\"name\":\"Administrador TMT\",\"image\":{\"@type\":\"ImageObject\",\"inLanguage\":\"es\",\"@id\":\"https:\\\/\\\/secure.gravatar.com\\\/avatar\\\/4eaee0b78b670491ea1b1ea139b10583f5a25cdd7253f34e3ef2df952e801f49?s=96&d=mm&r=g\",\"url\":\"https:\\\/\\\/secure.gravatar.com\\\/avatar\\\/4eaee0b78b670491ea1b1ea139b10583f5a25cdd7253f34e3ef2df952e801f49?s=96&d=mm&r=g\",\"contentUrl\":\"https:\\\/\\\/secure.gravatar.com\\\/avatar\\\/4eaee0b78b670491ea1b1ea139b10583f5a25cdd7253f34e3ef2df952e801f49?s=96&d=mm&r=g\",\"caption\":\"Administrador TMT\"},\"url\":\"https:\\\/\\\/archivotomasmontero.org\\\/index.php\\\/author\\\/admin\\\/\"}]}<\/script>\n<!-- \/ Yoast SEO plugin. -->","yoast_head_json":{"title":"Hacia los m\u00e1rgenes: Tom\u00e1s Montero Torres, fot\u00f3grafo de oposici\u00f3n - Archivo - Montero","robots":{"index":"index","follow":"follow","max-snippet":"max-snippet:-1","max-image-preview":"max-image-preview:large","max-video-preview":"max-video-preview:-1"},"canonical":"https:\/\/archivotomasmontero.org\/index.php\/2014\/12\/16\/hacia-los-margenes-tomas-montero-torres-fotografo-de-oposicion\/","og_locale":"es_MX","og_type":"article","og_title":"Hacia los m\u00e1rgenes: Tom\u00e1s Montero Torres, fot\u00f3grafo de oposici\u00f3n - Archivo - Montero","og_description":"I. Una presentaci\u00f3n en sociedad Un \u201cestuche de verdad\u201d, lo fue este g\u00fcero: fot\u00f3grafo, pintor, acuarelista, surrealista, cantor, un gran mambero, euf\u00f3rico escritor y publicista\u2026 \u00a0coloreando sus placas \u201cflexicrom\u201d se pasaba los d\u00edas, o bien, bailando al r\u00edtmico estallar de un rico mambo o consumiendo el n\u00e9ctar de un jaibol \u00a0calavera a tom\u00e1s montero, aerov\u00edas reforma Hasta hoy, el michoacano Tom\u00e1s Montero Torres ha sido un fot\u00f3grafo poco conocido. A pesar de haber reunido el impresionante archivo del que surge [&hellip;]","og_url":"https:\/\/archivotomasmontero.org\/index.php\/2014\/12\/16\/hacia-los-margenes-tomas-montero-torres-fotografo-de-oposicion\/","og_site_name":"Archivo - Montero","article_published_time":"2014-12-16T16:11:25+00:00","article_modified_time":"2021-06-01T06:13:01+00:00","og_image":[{"width":425,"height":344,"url":"https:\/\/archivotomasmontero.org\/wp-content\/uploads\/2021\/03\/1.jpg","type":"image\/jpeg"}],"author":"Administrador TMT","twitter_card":"summary_large_image","twitter_misc":{"Escrito por":"Administrador TMT","Tiempo de lectura":"13 minutos"},"schema":{"@context":"https:\/\/schema.org","@graph":[{"@type":"Article","@id":"https:\/\/archivotomasmontero.org\/index.php\/2014\/12\/16\/hacia-los-margenes-tomas-montero-torres-fotografo-de-oposicion\/#article","isPartOf":{"@id":"https:\/\/archivotomasmontero.org\/index.php\/2014\/12\/16\/hacia-los-margenes-tomas-montero-torres-fotografo-de-oposicion\/"},"author":{"name":"Administrador TMT","@id":"https:\/\/archivotomasmontero.org\/#\/schema\/person\/4841c362ff8252eb61a6ecf8aace788c"},"headline":"Hacia los m\u00e1rgenes: Tom\u00e1s Montero Torres, fot\u00f3grafo de oposici\u00f3n","datePublished":"2014-12-16T16:11:25+00:00","dateModified":"2021-06-01T06:13:01+00:00","mainEntityOfPage":{"@id":"https:\/\/archivotomasmontero.org\/index.php\/2014\/12\/16\/hacia-los-margenes-tomas-montero-torres-fotografo-de-oposicion\/"},"wordCount":2789,"commentCount":0,"image":{"@id":"https:\/\/archivotomasmontero.org\/index.php\/2014\/12\/16\/hacia-los-margenes-tomas-montero-torres-fotografo-de-oposicion\/#primaryimage"},"thumbnailUrl":"https:\/\/archivotomasmontero.org\/wp-content\/uploads\/2021\/03\/1.jpg","keywords":["Centro Cultural Universitario Tlatelolco","Exposici\u00f3n","Fotoperiodismo","Oposici\u00f3n","Tom\u00e1s Montero Torres"],"articleSection":["Exposici\u00f3n","Historia","Reportero gr\u00e1fico"],"inLanguage":"es","potentialAction":[{"@type":"CommentAction","name":"Comment","target":["https:\/\/archivotomasmontero.org\/index.php\/2014\/12\/16\/hacia-los-margenes-tomas-montero-torres-fotografo-de-oposicion\/#respond"]}]},{"@type":"WebPage","@id":"https:\/\/archivotomasmontero.org\/index.php\/2014\/12\/16\/hacia-los-margenes-tomas-montero-torres-fotografo-de-oposicion\/","url":"https:\/\/archivotomasmontero.org\/index.php\/2014\/12\/16\/hacia-los-margenes-tomas-montero-torres-fotografo-de-oposicion\/","name":"Hacia los m\u00e1rgenes: Tom\u00e1s Montero Torres, fot\u00f3grafo de oposici\u00f3n - Archivo - Montero","isPartOf":{"@id":"https:\/\/archivotomasmontero.org\/#website"},"primaryImageOfPage":{"@id":"https:\/\/archivotomasmontero.org\/index.php\/2014\/12\/16\/hacia-los-margenes-tomas-montero-torres-fotografo-de-oposicion\/#primaryimage"},"image":{"@id":"https:\/\/archivotomasmontero.org\/index.php\/2014\/12\/16\/hacia-los-margenes-tomas-montero-torres-fotografo-de-oposicion\/#primaryimage"},"thumbnailUrl":"https:\/\/archivotomasmontero.org\/wp-content\/uploads\/2021\/03\/1.jpg","datePublished":"2014-12-16T16:11:25+00:00","dateModified":"2021-06-01T06:13:01+00:00","author":{"@id":"https:\/\/archivotomasmontero.org\/#\/schema\/person\/4841c362ff8252eb61a6ecf8aace788c"},"breadcrumb":{"@id":"https:\/\/archivotomasmontero.org\/index.php\/2014\/12\/16\/hacia-los-margenes-tomas-montero-torres-fotografo-de-oposicion\/#breadcrumb"},"inLanguage":"es","potentialAction":[{"@type":"ReadAction","target":["https:\/\/archivotomasmontero.org\/index.php\/2014\/12\/16\/hacia-los-margenes-tomas-montero-torres-fotografo-de-oposicion\/"]}]},{"@type":"ImageObject","inLanguage":"es","@id":"https:\/\/archivotomasmontero.org\/index.php\/2014\/12\/16\/hacia-los-margenes-tomas-montero-torres-fotografo-de-oposicion\/#primaryimage","url":"https:\/\/archivotomasmontero.org\/wp-content\/uploads\/2021\/03\/1.jpg","contentUrl":"https:\/\/archivotomasmontero.org\/wp-content\/uploads\/2021\/03\/1.jpg","width":425,"height":344,"caption":"Tom\u00e1s Montero Torres"},{"@type":"BreadcrumbList","@id":"https:\/\/archivotomasmontero.org\/index.php\/2014\/12\/16\/hacia-los-margenes-tomas-montero-torres-fotografo-de-oposicion\/#breadcrumb","itemListElement":[{"@type":"ListItem","position":1,"name":"Inicio","item":"https:\/\/archivotomasmontero.org\/"},{"@type":"ListItem","position":2,"name":"Hacia los m\u00e1rgenes: Tom\u00e1s Montero Torres, fot\u00f3grafo de oposici\u00f3n"}]},{"@type":"WebSite","@id":"https:\/\/archivotomasmontero.org\/#website","url":"https:\/\/archivotomasmontero.org\/","name":"Archivo - Montero","description":"Archivo Tomas Montero Torres","potentialAction":[{"@type":"SearchAction","target":{"@type":"EntryPoint","urlTemplate":"https:\/\/archivotomasmontero.org\/?s={search_term_string}"},"query-input":{"@type":"PropertyValueSpecification","valueRequired":true,"valueName":"search_term_string"}}],"inLanguage":"es"},{"@type":"Person","@id":"https:\/\/archivotomasmontero.org\/#\/schema\/person\/4841c362ff8252eb61a6ecf8aace788c","name":"Administrador TMT","image":{"@type":"ImageObject","inLanguage":"es","@id":"https:\/\/secure.gravatar.com\/avatar\/4eaee0b78b670491ea1b1ea139b10583f5a25cdd7253f34e3ef2df952e801f49?s=96&d=mm&r=g","url":"https:\/\/secure.gravatar.com\/avatar\/4eaee0b78b670491ea1b1ea139b10583f5a25cdd7253f34e3ef2df952e801f49?s=96&d=mm&r=g","contentUrl":"https:\/\/secure.gravatar.com\/avatar\/4eaee0b78b670491ea1b1ea139b10583f5a25cdd7253f34e3ef2df952e801f49?s=96&d=mm&r=g","caption":"Administrador TMT"},"url":"https:\/\/archivotomasmontero.org\/index.php\/author\/admin\/"}]}},"_links":{"self":[{"href":"https:\/\/archivotomasmontero.org\/index.php\/wp-json\/wp\/v2\/posts\/2983","targetHints":{"allow":["GET"]}}],"collection":[{"href":"https:\/\/archivotomasmontero.org\/index.php\/wp-json\/wp\/v2\/posts"}],"about":[{"href":"https:\/\/archivotomasmontero.org\/index.php\/wp-json\/wp\/v2\/types\/post"}],"author":[{"embeddable":true,"href":"https:\/\/archivotomasmontero.org\/index.php\/wp-json\/wp\/v2\/users\/2"}],"replies":[{"embeddable":true,"href":"https:\/\/archivotomasmontero.org\/index.php\/wp-json\/wp\/v2\/comments?post=2983"}],"version-history":[{"count":2,"href":"https:\/\/archivotomasmontero.org\/index.php\/wp-json\/wp\/v2\/posts\/2983\/revisions"}],"predecessor-version":[{"id":15004,"href":"https:\/\/archivotomasmontero.org\/index.php\/wp-json\/wp\/v2\/posts\/2983\/revisions\/15004"}],"wp:featuredmedia":[{"embeddable":true,"href":"https:\/\/archivotomasmontero.org\/index.php\/wp-json\/wp\/v2\/media\/12490"}],"wp:attachment":[{"href":"https:\/\/archivotomasmontero.org\/index.php\/wp-json\/wp\/v2\/media?parent=2983"}],"wp:term":[{"taxonomy":"category","embeddable":true,"href":"https:\/\/archivotomasmontero.org\/index.php\/wp-json\/wp\/v2\/categories?post=2983"},{"taxonomy":"post_tag","embeddable":true,"href":"https:\/\/archivotomasmontero.org\/index.php\/wp-json\/wp\/v2\/tags?post=2983"}],"curies":[{"name":"wp","href":"https:\/\/api.w.org\/{rel}","templated":true}]}}