{"id":2768,"date":"2013-11-13T02:33:54","date_gmt":"2013-11-13T08:33:54","guid":{"rendered":"http:\/\/archivotomasmontero.org\/site\/?p=2768"},"modified":"2024-01-23T23:38:12","modified_gmt":"2024-01-23T23:38:12","slug":"a-100-anos-dos-cartas","status":"publish","type":"post","link":"https:\/\/archivotomasmontero.org\/index.php\/2013\/11\/13\/a-100-anos-dos-cartas\/","title":{"rendered":"A 100 a\u00f1os: dos cartas"},"content":{"rendered":"<p>Hoy mi abuelo cumplir\u00eda 100 a\u00f1os. Y aunque se dice f\u00e1cil nunca es as\u00ed de f\u00e1cil para nadie. En los \u00faltimos 5 a\u00f1os he dedicado una buena parte de la jornada semanal a contar, clasificar, limpiar, catalogar, acomodar, digitalizar, buscar, platicar, aprender, estudiar, conocer y promover el archivo fotogr\u00e1fico de\u00a0<span style=\"color: #800000;\"><strong>Tom\u00e1s Montero<\/strong><strong> Torres<\/strong><\/span>, mi abuelo.<\/p>\n<p><a href=\"https:\/\/archivotomasmontero.org\/site\/wp-content\/uploads\/2013\/11\/1-copia.jpg\">v<\/a><\/p>\n<p>\u00bfPor qu\u00e9 digo que no es f\u00e1cil? Bueno, primero para \u00e9l, como fot\u00f3grafo, porque debi\u00f3 de sacrificar tiempo con su familia, estar en un constante entrar y salir de su casa, de su oficina, de la vida de sus padres, de su esposa y de sus hijos. Adem\u00e1s, tambi\u00e9n hay que tomar en cuenta que fue maestro de fotograf\u00eda, publicista y pintor, actividades que requieren dedicaci\u00f3n y tiempo.\u00a0Privilegiado en su \u00e9poca, tuvo la suerte de capturar con su lente muchos acontecimientos de la construcci\u00f3n del M\u00e9xico posrevolucionario, el M\u00e9xico de los grandes cambios.<\/p>\n<p>No ha sido f\u00e1cil para mi tampoco. A trav\u00e9s de su trabajo estoy conociendo su ideolog\u00eda, sus gustos, su filiaci\u00f3n pol\u00edtica, sus compromisos, el amor a su tierra. He conocido a algunos de sus amigos, compa\u00f1eros y su forma de trabajar, historias tristes, historias alegres, an\u00e9cdotas. En otras palabras, estoy conociendo a mi abuelo a m\u00e1s de 40 a\u00f1os de su muerte.<\/p>\n<p>Abuelito: te quiero mucho y te extra\u00f1o, \u00a1feliz cumplea\u00f1os!<\/p>\n<p>Silvia S\u00e1nchez Montero<\/p>\n<figure id=\"attachment_11625\" aria-describedby=\"caption-attachment-11625\" style=\"width: 756px\" class=\"wp-caption aligncenter\"><img loading=\"lazy\" decoding=\"async\" class=\"wp-image-11625 size-large\" src=\"https:\/\/archivotomasmontero.org\/wp-content\/uploads\/2020\/12\/Abuelo2-1024x998.png\" alt=\"Tom\u00e1s Montero\" width=\"756\" height=\"737\" srcset=\"https:\/\/archivotomasmontero.org\/wp-content\/uploads\/2020\/12\/Abuelo2-1024x998.png 1024w, https:\/\/archivotomasmontero.org\/wp-content\/uploads\/2020\/12\/Abuelo2-300x292.png 300w, https:\/\/archivotomasmontero.org\/wp-content\/uploads\/2020\/12\/Abuelo2-1536x1497.png 1536w, https:\/\/archivotomasmontero.org\/wp-content\/uploads\/2020\/12\/Abuelo2-1310x1276.png 1310w, https:\/\/archivotomasmontero.org\/wp-content\/uploads\/2020\/12\/Abuelo2-800x779.png 800w, https:\/\/archivotomasmontero.org\/wp-content\/uploads\/2020\/12\/Abuelo2.png 1677w\" sizes=\"auto, (max-width: 756px) 100vw, 756px\" \/><figcaption id=\"caption-attachment-11625\" class=\"wp-caption-text\">Tom\u00e1s Montero<\/figcaption><\/figure>\n<p>Hace 100 a\u00f1os en Morelia, Michoac\u00e1n, naci\u00f3\u00a0<span style=\"color: #800000;\"><strong>Tom\u00e1s Montero<\/strong><strong> Torres<\/strong><\/span>.\u00a0Tengo no solo el enorme privilegio de ser su nieta sino de formar parte del entusiasta equipo de cuatro (Silvia, Claudia, Julieta y yo), que nos dedicamos a rescatar y difundir su legado fotogr\u00e1fico, integrado por poco m\u00e1s de 86 mil negativos. Crec\u00ed extra\u00f1\u00e1ndolo, me ense\u00f1aron a respetar su ausencia y a interesarme por su persona, ya que falleci\u00f3 muy joven y cuando yo ten\u00eda poco m\u00e1s de tres a\u00f1os. Lo sab\u00eda sobre todo pintor, porque en todas las casas de la familia hay obra suya (autorretratos, paisajes, miniaturas, cristos y v\u00edrgenes); y la verdad poco fot\u00f3grafo. Mi abuela sol\u00eda contar como una gran an\u00e9cdota la vez que, en el a\u00f1o 50, estuvo en la sierra tarahumara para hacer un reportaje gr\u00e1fico muy amplio y hab\u00eda pasado hambre, igual que los rar\u00e1muris, y comido rata de campo. Tambi\u00e9n sab\u00eda que hab\u00eda sido compadre de Carlos Septi\u00e9n Garc\u00eda y que por una gripa se hab\u00eda salvado del accidente de avi\u00f3n que le quit\u00f3 la vida al decano del periodismo.<\/p>\n<p><a href=\"http:\/\/archivotomasmontero.org\/site\/wp-content\/uploads\/2013\/11\/Fot\u00f3grafos.jpg\"><img loading=\"lazy\" decoding=\"async\" class=\"aligncenter size-large wp-image-2783\" src=\"http:\/\/archivotomasmontero.org\/site\/wp-content\/uploads\/2013\/11\/Fot\u00f3grafos-500x343.jpg\" alt=\"Fot\u00f3grafos\" width=\"500\" height=\"343\" \/><\/a><\/p>\n<p>No imagin\u00e9 que varios lustros despu\u00e9s descubrir\u00eda que la fotograf\u00eda hab\u00eda sido el eje central de sus actividades profesionales, que hab\u00eda sido colega y amigo de otros grandes de la lente como los Casasola o los Mayo, que hab\u00eda colaborado con gran productividad en pr\u00e1cticamente todos los peri\u00f3dicos y revistas ilustradas de su \u00e9poca, que entre otros temas tendr\u00eda uno de los archivos m\u00e1s completos en aviaci\u00f3n civil o que, con la honrosa tarea de salvaguardar su legado, tendr\u00edamos la oportunidad de conocer a personas imprescindibles en este camino&#8230;<\/p>\n<p><a href=\"https:\/\/archivotomasmontero.org\/site\/wp-content\/uploads\/2013\/11\/AbueloFlor.jpg\"><img loading=\"lazy\" decoding=\"async\" class=\"aligncenter wp-image-2787 size-large\" src=\"http:\/\/archivotomasmontero.org\/site\/wp-content\/uploads\/2013\/11\/AbueloFlor-382x500.jpg\" alt=\"AbueloFlor\" width=\"382\" height=\"500\" \/><\/a><\/p>\n<p>La vida es sabia y hoy m\u00e1s que nunca est\u00e1s c\u00e1lidamente presente, compartiendo a trav\u00e9s de tu diario, de los amigos que te sobreviven, de tus pinturas, y sobre todo por medio de tus fotograf\u00edas, la extraordinaria generosidad de tu ser. \u00a1Gracias, gracias, gracias! Te quiero mucho&#8230;<\/p>\n<p>Martha<\/p>\n<p><img loading=\"lazy\" decoding=\"async\" class=\"aligncenter wp-image-11602 size-full\" src=\"https:\/\/archivotomasmontero.org\/wp-content\/uploads\/2020\/12\/Abuelo.png\" alt=\"\" width=\"840\" height=\"543\" srcset=\"https:\/\/archivotomasmontero.org\/wp-content\/uploads\/2020\/12\/Abuelo.png 840w, https:\/\/archivotomasmontero.org\/wp-content\/uploads\/2020\/12\/Abuelo-300x194.png 300w, https:\/\/archivotomasmontero.org\/wp-content\/uploads\/2020\/12\/Abuelo-800x517.png 800w\" sizes=\"auto, (max-width: 840px) 100vw, 840px\" \/><\/p>\n<p>&nbsp;<\/p>\n<p>Para conmemorar el centenario del natalicio de <span style=\"color: #800000;\"><strong>Tom\u00e1s Montero<\/strong><strong> Torres<\/strong><\/span> los invitamos a participar en una serie de trivias, que da inicio a partir de esta fecha tan significativa para el\u00a0<span style=\"color: #800000;\"><strong>Archivo Tom\u00e1s Montero<\/strong><strong> Torres<\/strong><\/span>. Cada semana tendremos una nueva, junto con escritos y fotograf\u00edas que iremos compartiendo. A los diez primeros que env\u00eden sus respuestas correctas a archivotomasmontero@gmail.com les haremos llegar a vuelta de correo una postal conmemorativa por este aniversario&#8230; \u00a1An\u00edmense y participen!<\/p>\n<p>1.- \u00bfEn qu\u00e9 fecha apareci\u00f3 la primer entrada de este blog?<\/p>\n<p>2.- \u00bfCu\u00e1l es el art\u00edculo que cuenta con el mayor n\u00famero de comentarios?<\/p>\n<p>3.- Diga el nombre de por lo menos un colaborador de este blog que no sea familiar de Tom\u00e1s Montero Torres<\/p>\n<p>&nbsp;<\/p>\n<p>\u00a1Gracias!<\/p>\n","protected":false},"excerpt":{"rendered":"<p>Hoy mi abuelo cumplir\u00eda 100 a\u00f1os. Y aunque se dice f\u00e1cil nunca es as\u00ed de f\u00e1cil para nadie. En los \u00faltimos 5 a\u00f1os he dedicado una buena parte de la jornada semanal a contar, clasificar, limpiar, catalogar, acomodar, digitalizar, buscar, platicar, aprender, estudiar, conocer y promover el archivo fotogr\u00e1fico de\u00a0Tom\u00e1s Montero Torres, mi abuelo. v \u00bfPor qu\u00e9 digo que no es f\u00e1cil? Bueno, primero para \u00e9l, como fot\u00f3grafo, porque debi\u00f3 de sacrificar tiempo con su familia, estar en un constante [&hellip;]<\/p>\n","protected":false},"author":2,"featured_media":11596,"comment_status":"open","ping_status":"open","sticky":false,"template":"","format":"image","meta":{"footnotes":""},"categories":[537,532,514],"tags":[109,170,253,321],"class_list":["post-2768","post","type-post","status-publish","format-image","has-post-thumbnail","hentry","category-michoacan","category-reportero-grafico","category-tomas-montero-torres","tag-centenario","tag-fotorreportero","tag-natalicio","tag-tomas-montero-torres","post_format-post-format-image"],"yoast_head":"<!-- This site is optimized with the Yoast SEO plugin v27.4 - https:\/\/yoast.com\/product\/yoast-seo-wordpress\/ -->\n<title>A 100 a\u00f1os: dos cartas - Archivo - Montero<\/title>\n<meta name=\"robots\" content=\"index, follow, max-snippet:-1, max-image-preview:large, max-video-preview:-1\" \/>\n<link rel=\"canonical\" href=\"https:\/\/archivotomasmontero.org\/index.php\/2013\/11\/13\/a-100-anos-dos-cartas\/\" \/>\n<meta property=\"og:locale\" content=\"es_MX\" \/>\n<meta property=\"og:type\" content=\"article\" \/>\n<meta property=\"og:title\" content=\"A 100 a\u00f1os: dos cartas - Archivo - Montero\" \/>\n<meta property=\"og:description\" content=\"Hoy mi abuelo cumplir\u00eda 100 a\u00f1os. Y aunque se dice f\u00e1cil nunca es as\u00ed de f\u00e1cil para nadie. En los \u00faltimos 5 a\u00f1os he dedicado una buena parte de la jornada semanal a contar, clasificar, limpiar, catalogar, acomodar, digitalizar, buscar, platicar, aprender, estudiar, conocer y promover el archivo fotogr\u00e1fico de\u00a0Tom\u00e1s Montero Torres, mi abuelo. v \u00bfPor qu\u00e9 digo que no es f\u00e1cil? Bueno, primero para \u00e9l, como fot\u00f3grafo, porque debi\u00f3 de sacrificar tiempo con su familia, estar en un constante [&hellip;]\" \/>\n<meta property=\"og:url\" content=\"https:\/\/archivotomasmontero.org\/index.php\/2013\/11\/13\/a-100-anos-dos-cartas\/\" \/>\n<meta property=\"og:site_name\" content=\"Archivo - Montero\" \/>\n<meta property=\"article:published_time\" content=\"2013-11-13T08:33:54+00:00\" \/>\n<meta property=\"article:modified_time\" content=\"2024-01-23T23:38:12+00:00\" \/>\n<meta property=\"og:image\" content=\"https:\/\/archivotomasmontero.org\/wp-content\/uploads\/2020\/12\/logoTMT-rojo-scaled-1.jpg\" \/>\n\t<meta property=\"og:image:width\" content=\"2560\" \/>\n\t<meta property=\"og:image:height\" content=\"818\" \/>\n\t<meta property=\"og:image:type\" content=\"image\/jpeg\" \/>\n<meta name=\"author\" content=\"Administrador TMT\" \/>\n<meta name=\"twitter:card\" content=\"summary_large_image\" \/>\n<meta name=\"twitter:label1\" content=\"Escrito por\" \/>\n\t<meta name=\"twitter:data1\" content=\"Administrador TMT\" \/>\n\t<meta name=\"twitter:label2\" content=\"Tiempo de lectura\" \/>\n\t<meta name=\"twitter:data2\" content=\"4 minutos\" \/>\n<script type=\"application\/ld+json\" class=\"yoast-schema-graph\">{\"@context\":\"https:\\\/\\\/schema.org\",\"@graph\":[{\"@type\":\"Article\",\"@id\":\"https:\\\/\\\/archivotomasmontero.org\\\/index.php\\\/2013\\\/11\\\/13\\\/a-100-anos-dos-cartas\\\/#article\",\"isPartOf\":{\"@id\":\"https:\\\/\\\/archivotomasmontero.org\\\/index.php\\\/2013\\\/11\\\/13\\\/a-100-anos-dos-cartas\\\/\"},\"author\":{\"name\":\"Administrador TMT\",\"@id\":\"https:\\\/\\\/archivotomasmontero.org\\\/#\\\/schema\\\/person\\\/4841c362ff8252eb61a6ecf8aace788c\"},\"headline\":\"A 100 a\u00f1os: dos cartas\",\"datePublished\":\"2013-11-13T08:33:54+00:00\",\"dateModified\":\"2024-01-23T23:38:12+00:00\",\"mainEntityOfPage\":{\"@id\":\"https:\\\/\\\/archivotomasmontero.org\\\/index.php\\\/2013\\\/11\\\/13\\\/a-100-anos-dos-cartas\\\/\"},\"wordCount\":753,\"commentCount\":7,\"image\":{\"@id\":\"https:\\\/\\\/archivotomasmontero.org\\\/index.php\\\/2013\\\/11\\\/13\\\/a-100-anos-dos-cartas\\\/#primaryimage\"},\"thumbnailUrl\":\"https:\\\/\\\/archivotomasmontero.org\\\/wp-content\\\/uploads\\\/2020\\\/12\\\/logoTMT-rojo-scaled-1.jpg\",\"keywords\":[\"centenario\",\"fotorreportero\",\"natalicio\",\"Tom\u00e1s Montero Torres\"],\"articleSection\":[\"Michoac\u00e1n\",\"Reportero gr\u00e1fico\",\"Tom\u00e1s Montero Torres\"],\"inLanguage\":\"es\",\"potentialAction\":[{\"@type\":\"CommentAction\",\"name\":\"Comment\",\"target\":[\"https:\\\/\\\/archivotomasmontero.org\\\/index.php\\\/2013\\\/11\\\/13\\\/a-100-anos-dos-cartas\\\/#respond\"]}]},{\"@type\":\"WebPage\",\"@id\":\"https:\\\/\\\/archivotomasmontero.org\\\/index.php\\\/2013\\\/11\\\/13\\\/a-100-anos-dos-cartas\\\/\",\"url\":\"https:\\\/\\\/archivotomasmontero.org\\\/index.php\\\/2013\\\/11\\\/13\\\/a-100-anos-dos-cartas\\\/\",\"name\":\"A 100 a\u00f1os: dos cartas - Archivo - Montero\",\"isPartOf\":{\"@id\":\"https:\\\/\\\/archivotomasmontero.org\\\/#website\"},\"primaryImageOfPage\":{\"@id\":\"https:\\\/\\\/archivotomasmontero.org\\\/index.php\\\/2013\\\/11\\\/13\\\/a-100-anos-dos-cartas\\\/#primaryimage\"},\"image\":{\"@id\":\"https:\\\/\\\/archivotomasmontero.org\\\/index.php\\\/2013\\\/11\\\/13\\\/a-100-anos-dos-cartas\\\/#primaryimage\"},\"thumbnailUrl\":\"https:\\\/\\\/archivotomasmontero.org\\\/wp-content\\\/uploads\\\/2020\\\/12\\\/logoTMT-rojo-scaled-1.jpg\",\"datePublished\":\"2013-11-13T08:33:54+00:00\",\"dateModified\":\"2024-01-23T23:38:12+00:00\",\"author\":{\"@id\":\"https:\\\/\\\/archivotomasmontero.org\\\/#\\\/schema\\\/person\\\/4841c362ff8252eb61a6ecf8aace788c\"},\"breadcrumb\":{\"@id\":\"https:\\\/\\\/archivotomasmontero.org\\\/index.php\\\/2013\\\/11\\\/13\\\/a-100-anos-dos-cartas\\\/#breadcrumb\"},\"inLanguage\":\"es\",\"potentialAction\":[{\"@type\":\"ReadAction\",\"target\":[\"https:\\\/\\\/archivotomasmontero.org\\\/index.php\\\/2013\\\/11\\\/13\\\/a-100-anos-dos-cartas\\\/\"]}]},{\"@type\":\"ImageObject\",\"inLanguage\":\"es\",\"@id\":\"https:\\\/\\\/archivotomasmontero.org\\\/index.php\\\/2013\\\/11\\\/13\\\/a-100-anos-dos-cartas\\\/#primaryimage\",\"url\":\"https:\\\/\\\/archivotomasmontero.org\\\/wp-content\\\/uploads\\\/2020\\\/12\\\/logoTMT-rojo-scaled-1.jpg\",\"contentUrl\":\"https:\\\/\\\/archivotomasmontero.org\\\/wp-content\\\/uploads\\\/2020\\\/12\\\/logoTMT-rojo-scaled-1.jpg\",\"width\":2560,\"height\":818,\"caption\":\"100 a\u00f1os Archivo Montero\"},{\"@type\":\"BreadcrumbList\",\"@id\":\"https:\\\/\\\/archivotomasmontero.org\\\/index.php\\\/2013\\\/11\\\/13\\\/a-100-anos-dos-cartas\\\/#breadcrumb\",\"itemListElement\":[{\"@type\":\"ListItem\",\"position\":1,\"name\":\"Inicio\",\"item\":\"https:\\\/\\\/archivotomasmontero.org\\\/\"},{\"@type\":\"ListItem\",\"position\":2,\"name\":\"A 100 a\u00f1os: dos cartas\"}]},{\"@type\":\"WebSite\",\"@id\":\"https:\\\/\\\/archivotomasmontero.org\\\/#website\",\"url\":\"https:\\\/\\\/archivotomasmontero.org\\\/\",\"name\":\"Archivo - Montero\",\"description\":\"Archivo Tomas Montero Torres\",\"potentialAction\":[{\"@type\":\"SearchAction\",\"target\":{\"@type\":\"EntryPoint\",\"urlTemplate\":\"https:\\\/\\\/archivotomasmontero.org\\\/?s={search_term_string}\"},\"query-input\":{\"@type\":\"PropertyValueSpecification\",\"valueRequired\":true,\"valueName\":\"search_term_string\"}}],\"inLanguage\":\"es\"},{\"@type\":\"Person\",\"@id\":\"https:\\\/\\\/archivotomasmontero.org\\\/#\\\/schema\\\/person\\\/4841c362ff8252eb61a6ecf8aace788c\",\"name\":\"Administrador TMT\",\"image\":{\"@type\":\"ImageObject\",\"inLanguage\":\"es\",\"@id\":\"https:\\\/\\\/secure.gravatar.com\\\/avatar\\\/4eaee0b78b670491ea1b1ea139b10583f5a25cdd7253f34e3ef2df952e801f49?s=96&d=mm&r=g\",\"url\":\"https:\\\/\\\/secure.gravatar.com\\\/avatar\\\/4eaee0b78b670491ea1b1ea139b10583f5a25cdd7253f34e3ef2df952e801f49?s=96&d=mm&r=g\",\"contentUrl\":\"https:\\\/\\\/secure.gravatar.com\\\/avatar\\\/4eaee0b78b670491ea1b1ea139b10583f5a25cdd7253f34e3ef2df952e801f49?s=96&d=mm&r=g\",\"caption\":\"Administrador TMT\"},\"url\":\"https:\\\/\\\/archivotomasmontero.org\\\/index.php\\\/author\\\/admin\\\/\"}]}<\/script>\n<!-- \/ Yoast SEO plugin. -->","yoast_head_json":{"title":"A 100 a\u00f1os: dos cartas - Archivo - Montero","robots":{"index":"index","follow":"follow","max-snippet":"max-snippet:-1","max-image-preview":"max-image-preview:large","max-video-preview":"max-video-preview:-1"},"canonical":"https:\/\/archivotomasmontero.org\/index.php\/2013\/11\/13\/a-100-anos-dos-cartas\/","og_locale":"es_MX","og_type":"article","og_title":"A 100 a\u00f1os: dos cartas - Archivo - Montero","og_description":"Hoy mi abuelo cumplir\u00eda 100 a\u00f1os. Y aunque se dice f\u00e1cil nunca es as\u00ed de f\u00e1cil para nadie. En los \u00faltimos 5 a\u00f1os he dedicado una buena parte de la jornada semanal a contar, clasificar, limpiar, catalogar, acomodar, digitalizar, buscar, platicar, aprender, estudiar, conocer y promover el archivo fotogr\u00e1fico de\u00a0Tom\u00e1s Montero Torres, mi abuelo. v \u00bfPor qu\u00e9 digo que no es f\u00e1cil? Bueno, primero para \u00e9l, como fot\u00f3grafo, porque debi\u00f3 de sacrificar tiempo con su familia, estar en un constante [&hellip;]","og_url":"https:\/\/archivotomasmontero.org\/index.php\/2013\/11\/13\/a-100-anos-dos-cartas\/","og_site_name":"Archivo - Montero","article_published_time":"2013-11-13T08:33:54+00:00","article_modified_time":"2024-01-23T23:38:12+00:00","og_image":[{"width":2560,"height":818,"url":"https:\/\/archivotomasmontero.org\/wp-content\/uploads\/2020\/12\/logoTMT-rojo-scaled-1.jpg","type":"image\/jpeg"}],"author":"Administrador TMT","twitter_card":"summary_large_image","twitter_misc":{"Escrito por":"Administrador TMT","Tiempo de lectura":"4 minutos"},"schema":{"@context":"https:\/\/schema.org","@graph":[{"@type":"Article","@id":"https:\/\/archivotomasmontero.org\/index.php\/2013\/11\/13\/a-100-anos-dos-cartas\/#article","isPartOf":{"@id":"https:\/\/archivotomasmontero.org\/index.php\/2013\/11\/13\/a-100-anos-dos-cartas\/"},"author":{"name":"Administrador TMT","@id":"https:\/\/archivotomasmontero.org\/#\/schema\/person\/4841c362ff8252eb61a6ecf8aace788c"},"headline":"A 100 a\u00f1os: dos cartas","datePublished":"2013-11-13T08:33:54+00:00","dateModified":"2024-01-23T23:38:12+00:00","mainEntityOfPage":{"@id":"https:\/\/archivotomasmontero.org\/index.php\/2013\/11\/13\/a-100-anos-dos-cartas\/"},"wordCount":753,"commentCount":7,"image":{"@id":"https:\/\/archivotomasmontero.org\/index.php\/2013\/11\/13\/a-100-anos-dos-cartas\/#primaryimage"},"thumbnailUrl":"https:\/\/archivotomasmontero.org\/wp-content\/uploads\/2020\/12\/logoTMT-rojo-scaled-1.jpg","keywords":["centenario","fotorreportero","natalicio","Tom\u00e1s Montero Torres"],"articleSection":["Michoac\u00e1n","Reportero gr\u00e1fico","Tom\u00e1s Montero Torres"],"inLanguage":"es","potentialAction":[{"@type":"CommentAction","name":"Comment","target":["https:\/\/archivotomasmontero.org\/index.php\/2013\/11\/13\/a-100-anos-dos-cartas\/#respond"]}]},{"@type":"WebPage","@id":"https:\/\/archivotomasmontero.org\/index.php\/2013\/11\/13\/a-100-anos-dos-cartas\/","url":"https:\/\/archivotomasmontero.org\/index.php\/2013\/11\/13\/a-100-anos-dos-cartas\/","name":"A 100 a\u00f1os: dos cartas - Archivo - Montero","isPartOf":{"@id":"https:\/\/archivotomasmontero.org\/#website"},"primaryImageOfPage":{"@id":"https:\/\/archivotomasmontero.org\/index.php\/2013\/11\/13\/a-100-anos-dos-cartas\/#primaryimage"},"image":{"@id":"https:\/\/archivotomasmontero.org\/index.php\/2013\/11\/13\/a-100-anos-dos-cartas\/#primaryimage"},"thumbnailUrl":"https:\/\/archivotomasmontero.org\/wp-content\/uploads\/2020\/12\/logoTMT-rojo-scaled-1.jpg","datePublished":"2013-11-13T08:33:54+00:00","dateModified":"2024-01-23T23:38:12+00:00","author":{"@id":"https:\/\/archivotomasmontero.org\/#\/schema\/person\/4841c362ff8252eb61a6ecf8aace788c"},"breadcrumb":{"@id":"https:\/\/archivotomasmontero.org\/index.php\/2013\/11\/13\/a-100-anos-dos-cartas\/#breadcrumb"},"inLanguage":"es","potentialAction":[{"@type":"ReadAction","target":["https:\/\/archivotomasmontero.org\/index.php\/2013\/11\/13\/a-100-anos-dos-cartas\/"]}]},{"@type":"ImageObject","inLanguage":"es","@id":"https:\/\/archivotomasmontero.org\/index.php\/2013\/11\/13\/a-100-anos-dos-cartas\/#primaryimage","url":"https:\/\/archivotomasmontero.org\/wp-content\/uploads\/2020\/12\/logoTMT-rojo-scaled-1.jpg","contentUrl":"https:\/\/archivotomasmontero.org\/wp-content\/uploads\/2020\/12\/logoTMT-rojo-scaled-1.jpg","width":2560,"height":818,"caption":"100 a\u00f1os Archivo Montero"},{"@type":"BreadcrumbList","@id":"https:\/\/archivotomasmontero.org\/index.php\/2013\/11\/13\/a-100-anos-dos-cartas\/#breadcrumb","itemListElement":[{"@type":"ListItem","position":1,"name":"Inicio","item":"https:\/\/archivotomasmontero.org\/"},{"@type":"ListItem","position":2,"name":"A 100 a\u00f1os: dos cartas"}]},{"@type":"WebSite","@id":"https:\/\/archivotomasmontero.org\/#website","url":"https:\/\/archivotomasmontero.org\/","name":"Archivo - Montero","description":"Archivo Tomas Montero Torres","potentialAction":[{"@type":"SearchAction","target":{"@type":"EntryPoint","urlTemplate":"https:\/\/archivotomasmontero.org\/?s={search_term_string}"},"query-input":{"@type":"PropertyValueSpecification","valueRequired":true,"valueName":"search_term_string"}}],"inLanguage":"es"},{"@type":"Person","@id":"https:\/\/archivotomasmontero.org\/#\/schema\/person\/4841c362ff8252eb61a6ecf8aace788c","name":"Administrador TMT","image":{"@type":"ImageObject","inLanguage":"es","@id":"https:\/\/secure.gravatar.com\/avatar\/4eaee0b78b670491ea1b1ea139b10583f5a25cdd7253f34e3ef2df952e801f49?s=96&d=mm&r=g","url":"https:\/\/secure.gravatar.com\/avatar\/4eaee0b78b670491ea1b1ea139b10583f5a25cdd7253f34e3ef2df952e801f49?s=96&d=mm&r=g","contentUrl":"https:\/\/secure.gravatar.com\/avatar\/4eaee0b78b670491ea1b1ea139b10583f5a25cdd7253f34e3ef2df952e801f49?s=96&d=mm&r=g","caption":"Administrador TMT"},"url":"https:\/\/archivotomasmontero.org\/index.php\/author\/admin\/"}]}},"_links":{"self":[{"href":"https:\/\/archivotomasmontero.org\/index.php\/wp-json\/wp\/v2\/posts\/2768","targetHints":{"allow":["GET"]}}],"collection":[{"href":"https:\/\/archivotomasmontero.org\/index.php\/wp-json\/wp\/v2\/posts"}],"about":[{"href":"https:\/\/archivotomasmontero.org\/index.php\/wp-json\/wp\/v2\/types\/post"}],"author":[{"embeddable":true,"href":"https:\/\/archivotomasmontero.org\/index.php\/wp-json\/wp\/v2\/users\/2"}],"replies":[{"embeddable":true,"href":"https:\/\/archivotomasmontero.org\/index.php\/wp-json\/wp\/v2\/comments?post=2768"}],"version-history":[{"count":3,"href":"https:\/\/archivotomasmontero.org\/index.php\/wp-json\/wp\/v2\/posts\/2768\/revisions"}],"predecessor-version":[{"id":15449,"href":"https:\/\/archivotomasmontero.org\/index.php\/wp-json\/wp\/v2\/posts\/2768\/revisions\/15449"}],"wp:featuredmedia":[{"embeddable":true,"href":"https:\/\/archivotomasmontero.org\/index.php\/wp-json\/wp\/v2\/media\/11596"}],"wp:attachment":[{"href":"https:\/\/archivotomasmontero.org\/index.php\/wp-json\/wp\/v2\/media?parent=2768"}],"wp:term":[{"taxonomy":"category","embeddable":true,"href":"https:\/\/archivotomasmontero.org\/index.php\/wp-json\/wp\/v2\/categories?post=2768"},{"taxonomy":"post_tag","embeddable":true,"href":"https:\/\/archivotomasmontero.org\/index.php\/wp-json\/wp\/v2\/tags?post=2768"}],"curies":[{"name":"wp","href":"https:\/\/api.w.org\/{rel}","templated":true}]}}