{"id":2335,"date":"2013-01-28T13:48:34","date_gmt":"2013-01-28T19:48:34","guid":{"rendered":"http:\/\/archivotomasmontero.org\/site\/?p=2335"},"modified":"2024-01-23T23:44:41","modified_gmt":"2024-01-23T23:44:41","slug":"una-virgen-para-el-mar","status":"publish","type":"post","link":"https:\/\/archivotomasmontero.org\/index.php\/2013\/01\/28\/una-virgen-para-el-mar\/","title":{"rendered":"Una Virgen para el mar"},"content":{"rendered":"<p>Armando Quezada Medrano naci\u00f3 en Chihuahua, y fue creciendo a la par de una semilla de amor por el arte que le anidaba en el cuerpo. Por su joven talento, consigui\u00f3 una beca del gobierno local para estudiar en la Academia de San Carlos de la Ciudad de M\u00e9xico, aboc\u00e1ndose con especial inter\u00e9s en la escultura. Posteriormente fue acreedor a otra beca, esta vez en Par\u00eds, donde se desarroll\u00f3 con mayor plenitud y radic\u00f3 hasta los 35 a\u00f1os, tras lo cual regres\u00f3 a su pa\u00eds natal casado con la pintora polaca Lee Bogu Mila Kopeyinski.<\/p>\n<p><a href=\"http:\/\/archivotomasmontero.org\/site\/2013\/01\/28\/una-virgen-para-el-mar\/virgen2\/\" rel=\"attachment wp-att-2414\"><img loading=\"lazy\" decoding=\"async\" class=\"aligncenter size-large wp-image-2414\" title=\"Virgen2\" src=\"http:\/\/archivotomasmontero.org\/site\/wp-content\/uploads\/2013\/01\/Virgen2-500x497.jpg\" alt=\"\" width=\"500\" height=\"497\" \/><\/a><\/p>\n<p><a href=\"http:\/\/archivotomasmontero.org\/site\/2013\/01\/28\/una-virgen-para-el-mar\/virgen-3\/\" rel=\"attachment wp-att-2415\"><img loading=\"lazy\" decoding=\"async\" class=\"aligncenter size-large wp-image-2415\" title=\"Virgen 3\" src=\"http:\/\/archivotomasmontero.org\/site\/wp-content\/uploads\/2013\/01\/Virgen-3-500x494.png\" alt=\"\" width=\"500\" height=\"494\" \/><\/a><\/p>\n<p>En M\u00e9xico efectuar\u00eda varios trabajos, tanto en forma individual \u2013como el conjunto escult\u00f3rico del Conservatorio Nacional ubicado en Polanco\u2013 o formando parte de un proyecto magno\u2013como es el caso de las piezas del Monumento a la Revoluci\u00f3n, creaci\u00f3n de Oliverio Mart\u00ednez\u2013. Sin embargo, es posible que una de sus obras m\u00e1s significativas haya estado destinada, desde un inicio, para habitar en las profundidades del mar.<\/p>\n<p>&nbsp;<\/p>\n<p><a href=\"http:\/\/archivotomasmontero.org\/site\/2013\/01\/28\/una-virgen-para-el-mar\/virgen-4\/\" rel=\"attachment wp-att-2416\"><img loading=\"lazy\" decoding=\"async\" class=\"aligncenter size-large wp-image-2416\" title=\"Virgen 4\" src=\"http:\/\/archivotomasmontero.org\/site\/wp-content\/uploads\/2013\/01\/Virgen-4-500x498.png\" alt=\"\" width=\"500\" height=\"498\" \/><\/a><\/p>\n<p><a href=\"http:\/\/archivotomasmontero.org\/site\/2013\/01\/28\/una-virgen-para-el-mar\/virgen-5\/\" rel=\"attachment wp-att-2417\"><img loading=\"lazy\" decoding=\"async\" class=\"aligncenter size-large wp-image-2417\" title=\"Virgen 5\" src=\"http:\/\/archivotomasmontero.org\/site\/wp-content\/uploads\/2013\/01\/Virgen-5-500x498.png\" alt=\"\" width=\"500\" height=\"498\" \/><\/a><\/p>\n<p><a href=\"http:\/\/archivotomasmontero.org\/site\/2013\/01\/28\/una-virgen-para-el-mar\/virgen-6\/\" rel=\"attachment wp-att-2422\"><img loading=\"lazy\" decoding=\"async\" class=\"aligncenter size-large wp-image-2422\" title=\"Virgen 6\" src=\"http:\/\/archivotomasmontero.org\/site\/wp-content\/uploads\/2013\/01\/Virgen-6-500x489.png\" alt=\"\" width=\"500\" height=\"489\" \/><\/a><\/p>\n<p>Se trataba de un trabajo escult\u00f3rico que llegar\u00eda a \u00e9l, a partir de una idea del Doctor Gabriel Malv\u00e1ez, que promover\u00eda con gran entusiasmo Amelia Sodi Pallares: realizar una Virgen destinada al mar, con el prop\u00f3sito de que los buzos, pescadores y hombres de mar, \u00a0en la bella bah\u00eda de Acapulco, la tuvieran de su lado para protegerlos.<\/p>\n<p>A\u00f1os antes ella se hab\u00eda titulado en Estados Unidos como maestra acu\u00e1tica en el Sistema Mr. Cureton, y era una persona muy activa en el mundo de los <em>hombres y las mujeres rana<\/em> en M\u00e9xico. Como buena mexicana coincidi\u00f3 con el prop\u00f3sito de convertir a la Virgen de Guadalupe en la <em>Emperatriz de los Mares<\/em>, y logr\u00f3 estrecha colaboraci\u00f3n del propio Doctor, as\u00ed como de \u201clos arquitectos H\u00e9ctor Mestre y Enrique Conti, el cazador y hombre de negocios automovil\u00edsticos Pablo Bush, el banquero An\u00edbal de Iturbide, Alfonso Barc\u00e9nas, el ingeniero Navia, Alfonso Arnold y Lorenzo Sours\u201d.<\/p>\n<figure id=\"attachment_11616\" aria-describedby=\"caption-attachment-11616\" style=\"width: 685px\" class=\"wp-caption aligncenter\"><img loading=\"lazy\" decoding=\"async\" class=\"wp-image-11616 size-full\" src=\"https:\/\/archivotomasmontero.org\/wp-content\/uploads\/2020\/12\/cbcf7b2ebd955dfa9ec5497710616431.jpg\" alt=\"Revista de Am\u00e9rica\" width=\"685\" height=\"941\" srcset=\"https:\/\/archivotomasmontero.org\/wp-content\/uploads\/2020\/12\/cbcf7b2ebd955dfa9ec5497710616431.jpg 685w, https:\/\/archivotomasmontero.org\/wp-content\/uploads\/2020\/12\/cbcf7b2ebd955dfa9ec5497710616431-218x300.jpg 218w\" sizes=\"auto, (max-width: 685px) 100vw, 685px\" \/><figcaption id=\"caption-attachment-11616\" class=\"wp-caption-text\">Revista de Am\u00e9rica<\/figcaption><\/figure>\n<p>&nbsp;<\/p>\n<p>En la edici\u00f3n especial de la revista de Am\u00e9rica de 1958, se acota que el proyecto ascendi\u00f3 en su totalidad a 250 mil pesos de ese entonces, que reunieron sin dificultad al convocar a 50 patrocinadores, que aportaron 5 mil pesos cada uno.\u00a0En ese momento s\u00f3lo hab\u00eda dos antecedentes a este proyecto submarino:<em> \u201cLa imagen del Cristo Bondadoso, en Napol\u00e9s, hecha de un m\u00e1rmol que se ir\u00e1 disgregando con el tiempo; y la de la Virgen de Monserrat, de plomo, instalada ante las costas de Catalu\u00f1a, ninguna de las cuales tiene las dimensiones de la que sali\u00f3 del taller de Armando Quezada\u201d.<\/em><\/p>\n<p><img loading=\"lazy\" decoding=\"async\" class=\"aligncenter wp-image-11662 size-full\" src=\"https:\/\/archivotomasmontero.org\/wp-content\/uploads\/2020\/12\/21.jpg\" alt=\"\" width=\"676\" height=\"930\" srcset=\"https:\/\/archivotomasmontero.org\/wp-content\/uploads\/2020\/12\/21.jpg 676w, https:\/\/archivotomasmontero.org\/wp-content\/uploads\/2020\/12\/21-218x300.jpg 218w\" sizes=\"auto, (max-width: 676px) 100vw, 676px\" \/><\/p>\n<p>&nbsp;<\/p>\n<p>Para dar cuenta de este magno acontecimiento, que en M\u00e9xico convocaba el hondo fervor religioso por la Guadalupana, hicieron dupla el reportero Carlos Alvear Acevedo y el fotorreportero <span style=\"color: #800000;\"><strong><em>Tom\u00e1s Montero Torres<\/em><\/strong><\/span>. Estuvieron semanas previas en el taller de Coyoac\u00e1n de Armando Quezada, quien adem\u00e1s de ser el escultor designado, era al tiempo un patrocinador del proyecto al donar su tiempo y talento al mismo. Tratando de prever que las condiciones marinas afectaran lo menos posible a la pieza, se emple\u00f3 una aleaci\u00f3n hecha de lusteno, moliteno, n\u00edquel, cobre y aluminio, moldeada a lo largo de seis largos meses.<\/p>\n<p>Se sabe que todo inici\u00f3 con un bosquejo hecho por el arquitecto H\u00e9ctor Mestre, mismo que fue puliendo el escultor, tanto para darle su propia impronta, como por el sitio al que estaba destinada la figura: el fondo marino cerca de la isla de la Yerbabuena. Estilizada para equilibrar la distorsi\u00f3n que provocar\u00edan las aguas del mar, la figura tambi\u00e9n incorporaba un ancla de dos metros y medio (con un \u00e1ngel que sirve de peana), una estrella de mar, y la sensaci\u00f3n de que los pies de la virgen <em>\u201cparecen desvanecerse en hermosas aletas\u201d<\/em>.<\/p>\n<p><img loading=\"lazy\" decoding=\"async\" class=\"aligncenter wp-image-11619 size-large\" src=\"https:\/\/archivotomasmontero.org\/wp-content\/uploads\/2020\/12\/71-736x1024.jpg\" alt=\"\" width=\"736\" height=\"1024\" srcset=\"https:\/\/archivotomasmontero.org\/wp-content\/uploads\/2020\/12\/71-736x1024.jpg 736w, https:\/\/archivotomasmontero.org\/wp-content\/uploads\/2020\/12\/71-216x300.jpg 216w, https:\/\/archivotomasmontero.org\/wp-content\/uploads\/2020\/12\/71.jpg 794w\" sizes=\"auto, (max-width: 736px) 100vw, 736px\" \/><\/p>\n<p>Antes de partir hacia Guerrero, la escultura fue bendecida en la Bas\u00edlica del Tepeyac por el monse\u00f1or Apost\u00f3lico Raimondi. Llegar\u00eda a Acapulco el 10 de diciembre para ser albergada, temporalmente, en el Templo de la Soledad, que permaneci\u00f3 abierto d\u00eda y noche, <em>\u201cporque una corriente continua de fieles \u2013nacionales y extranjeros\u2013 quer\u00eda verla y rendirle pleites\u00eda\u201d<\/em>.<\/p>\n<p><img loading=\"lazy\" decoding=\"async\" class=\"aligncenter wp-image-11651 size-full\" src=\"https:\/\/archivotomasmontero.org\/wp-content\/uploads\/2020\/12\/41.jpg\" alt=\"\" width=\"674\" height=\"935\" srcset=\"https:\/\/archivotomasmontero.org\/wp-content\/uploads\/2020\/12\/41.jpg 674w, https:\/\/archivotomasmontero.org\/wp-content\/uploads\/2020\/12\/41-216x300.jpg 216w\" sizes=\"auto, (max-width: 674px) 100vw, 674px\" \/><\/p>\n<p>&nbsp;<\/p>\n<p>Justo el 12 de diciembre del 58, tras una misa solemne, la Virgen saldr\u00eda en hombros de varios miembros del <em>Club de Hombres Rana<\/em> hasta los muelles, donde <em>\u201cfue colocada en el lanch\u00f3n que la llev\u00f3 hasta el sitio de la \u2018Yerbabuena\u2019, 880 metros mar adentro, escoltada por las embarcaciones (alrededor de 100), a los acordes de 500 orquestas populares, y mientras en el aire se alzaban globos y cohetes multicolores de esta fiesta del coraz\u00f3n y del alma que fue, por encima de todo, explosi\u00f3n de amor guadalupano, verbena, fiesta, colorido, devoci\u00f3n y regocijo inocultables\u201d<\/em>.\u00a0 Incluso hubo aviones de la Fuerza A\u00e9rea Mexicana para darle mayor formalidad y grandeza al evento.<\/p>\n<div id='gallery-1' class='gallery galleryid-2335 gallery-columns-3 gallery-size-thumbnail'><figure class='gallery-item'>\n\t\t\t<div class='gallery-icon landscape'>\n\t\t\t\t<a href='https:\/\/archivotomasmontero.org\/v1\/'><img loading=\"lazy\" decoding=\"async\" width=\"150\" height=\"150\" src=\"https:\/\/archivotomasmontero.org\/wp-content\/uploads\/2020\/12\/v1-150x150.jpg\" class=\"attachment-thumbnail size-thumbnail\" alt=\"\" srcset=\"https:\/\/archivotomasmontero.org\/wp-content\/uploads\/2020\/12\/v1-150x150.jpg 150w, https:\/\/archivotomasmontero.org\/wp-content\/uploads\/2020\/12\/v1-300x297.jpg 300w, https:\/\/archivotomasmontero.org\/wp-content\/uploads\/2020\/12\/v1-160x160.jpg 160w, https:\/\/archivotomasmontero.org\/wp-content\/uploads\/2020\/12\/v1-560x562.jpg 560w\" sizes=\"auto, (max-width: 150px) 100vw, 150px\" \/><\/a>\n\t\t\t<\/div><\/figure><figure class='gallery-item'>\n\t\t\t<div class='gallery-icon portrait'>\n\t\t\t\t<a href='https:\/\/archivotomasmontero.org\/v2\/'><img loading=\"lazy\" decoding=\"async\" width=\"150\" height=\"150\" src=\"https:\/\/archivotomasmontero.org\/wp-content\/uploads\/2020\/12\/v2-150x150.png\" class=\"attachment-thumbnail size-thumbnail\" alt=\"\" srcset=\"https:\/\/archivotomasmontero.org\/wp-content\/uploads\/2020\/12\/v2-150x150.png 150w, https:\/\/archivotomasmontero.org\/wp-content\/uploads\/2020\/12\/v2-160x160.png 160w\" sizes=\"auto, (max-width: 150px) 100vw, 150px\" \/><\/a>\n\t\t\t<\/div><\/figure><figure class='gallery-item'>\n\t\t\t<div class='gallery-icon landscape'>\n\t\t\t\t<a href='https:\/\/archivotomasmontero.org\/v3\/'><img loading=\"lazy\" decoding=\"async\" width=\"150\" height=\"150\" src=\"https:\/\/archivotomasmontero.org\/wp-content\/uploads\/2020\/12\/v3-150x150.png\" class=\"attachment-thumbnail size-thumbnail\" alt=\"\" srcset=\"https:\/\/archivotomasmontero.org\/wp-content\/uploads\/2020\/12\/v3-150x150.png 150w, https:\/\/archivotomasmontero.org\/wp-content\/uploads\/2020\/12\/v3-160x160.png 160w\" sizes=\"auto, (max-width: 150px) 100vw, 150px\" \/><\/a>\n\t\t\t<\/div><\/figure><figure class='gallery-item'>\n\t\t\t<div class='gallery-icon landscape'>\n\t\t\t\t<a href='https:\/\/archivotomasmontero.org\/v4\/'><img loading=\"lazy\" decoding=\"async\" width=\"150\" height=\"150\" src=\"https:\/\/archivotomasmontero.org\/wp-content\/uploads\/2020\/12\/v4-150x150.png\" class=\"attachment-thumbnail size-thumbnail\" alt=\"\" srcset=\"https:\/\/archivotomasmontero.org\/wp-content\/uploads\/2020\/12\/v4-150x150.png 150w, https:\/\/archivotomasmontero.org\/wp-content\/uploads\/2020\/12\/v4-300x300.png 300w, https:\/\/archivotomasmontero.org\/wp-content\/uploads\/2020\/12\/v4-160x160.png 160w, https:\/\/archivotomasmontero.org\/wp-content\/uploads\/2020\/12\/v4.png 556w\" sizes=\"auto, (max-width: 150px) 100vw, 150px\" \/><\/a>\n\t\t\t<\/div><\/figure><figure class='gallery-item'>\n\t\t\t<div class='gallery-icon landscape'>\n\t\t\t\t<a href='https:\/\/archivotomasmontero.org\/v5\/'><img loading=\"lazy\" decoding=\"async\" width=\"150\" height=\"150\" src=\"https:\/\/archivotomasmontero.org\/wp-content\/uploads\/2020\/12\/v5-150x150.png\" class=\"attachment-thumbnail size-thumbnail\" alt=\"\" srcset=\"https:\/\/archivotomasmontero.org\/wp-content\/uploads\/2020\/12\/v5-150x150.png 150w, https:\/\/archivotomasmontero.org\/wp-content\/uploads\/2020\/12\/v5-160x160.png 160w\" sizes=\"auto, (max-width: 150px) 100vw, 150px\" \/><\/a>\n\t\t\t<\/div><\/figure><figure class='gallery-item'>\n\t\t\t<div class='gallery-icon landscape'>\n\t\t\t\t<a href='https:\/\/archivotomasmontero.org\/v7\/'><img loading=\"lazy\" decoding=\"async\" width=\"150\" height=\"150\" src=\"https:\/\/archivotomasmontero.org\/wp-content\/uploads\/2020\/12\/v7-150x150.png\" class=\"attachment-thumbnail size-thumbnail\" alt=\"\" srcset=\"https:\/\/archivotomasmontero.org\/wp-content\/uploads\/2020\/12\/v7-150x150.png 150w, https:\/\/archivotomasmontero.org\/wp-content\/uploads\/2020\/12\/v7-160x160.png 160w\" sizes=\"auto, (max-width: 150px) 100vw, 150px\" \/><\/a>\n\t\t\t<\/div><\/figure><figure class='gallery-item'>\n\t\t\t<div class='gallery-icon landscape'>\n\t\t\t\t<a href='https:\/\/archivotomasmontero.org\/v8\/'><img loading=\"lazy\" decoding=\"async\" width=\"150\" height=\"150\" src=\"https:\/\/archivotomasmontero.org\/wp-content\/uploads\/2020\/12\/v8-150x150.png\" class=\"attachment-thumbnail size-thumbnail\" alt=\"\" srcset=\"https:\/\/archivotomasmontero.org\/wp-content\/uploads\/2020\/12\/v8-150x150.png 150w, https:\/\/archivotomasmontero.org\/wp-content\/uploads\/2020\/12\/v8-160x160.png 160w\" sizes=\"auto, (max-width: 150px) 100vw, 150px\" \/><\/a>\n\t\t\t<\/div><\/figure><figure class='gallery-item'>\n\t\t\t<div class='gallery-icon landscape'>\n\t\t\t\t<a href='https:\/\/archivotomasmontero.org\/v9\/'><img loading=\"lazy\" decoding=\"async\" width=\"150\" height=\"150\" src=\"https:\/\/archivotomasmontero.org\/wp-content\/uploads\/2020\/12\/v9-150x150.png\" class=\"attachment-thumbnail size-thumbnail\" alt=\"\" srcset=\"https:\/\/archivotomasmontero.org\/wp-content\/uploads\/2020\/12\/v9-150x150.png 150w, https:\/\/archivotomasmontero.org\/wp-content\/uploads\/2020\/12\/v9-160x160.png 160w, https:\/\/archivotomasmontero.org\/wp-content\/uploads\/2020\/12\/v9-560x555.png 560w\" sizes=\"auto, (max-width: 150px) 100vw, 150px\" \/><\/a>\n\t\t\t<\/div><\/figure><figure class='gallery-item'>\n\t\t\t<div class='gallery-icon landscape'>\n\t\t\t\t<a href='https:\/\/archivotomasmontero.org\/v10\/'><img loading=\"lazy\" decoding=\"async\" width=\"150\" height=\"150\" src=\"https:\/\/archivotomasmontero.org\/wp-content\/uploads\/2020\/12\/v10-150x150.png\" class=\"attachment-thumbnail size-thumbnail\" alt=\"\" srcset=\"https:\/\/archivotomasmontero.org\/wp-content\/uploads\/2020\/12\/v10-150x150.png 150w, https:\/\/archivotomasmontero.org\/wp-content\/uploads\/2020\/12\/v10-160x160.png 160w\" sizes=\"auto, (max-width: 150px) 100vw, 150px\" \/><\/a>\n\t\t\t<\/div><\/figure><figure class='gallery-item'>\n\t\t\t<div class='gallery-icon landscape'>\n\t\t\t\t<a href='https:\/\/archivotomasmontero.org\/v11\/'><img loading=\"lazy\" decoding=\"async\" width=\"150\" height=\"150\" src=\"https:\/\/archivotomasmontero.org\/wp-content\/uploads\/2020\/12\/v11-150x150.png\" class=\"attachment-thumbnail size-thumbnail\" alt=\"\" srcset=\"https:\/\/archivotomasmontero.org\/wp-content\/uploads\/2020\/12\/v11-150x150.png 150w, https:\/\/archivotomasmontero.org\/wp-content\/uploads\/2020\/12\/v11-300x298.png 300w, https:\/\/archivotomasmontero.org\/wp-content\/uploads\/2020\/12\/v11-160x160.png 160w, https:\/\/archivotomasmontero.org\/wp-content\/uploads\/2020\/12\/v11.png 561w\" sizes=\"auto, (max-width: 150px) 100vw, 150px\" \/><\/a>\n\t\t\t<\/div><\/figure><figure class='gallery-item'>\n\t\t\t<div class='gallery-icon portrait'>\n\t\t\t\t<a href='https:\/\/archivotomasmontero.org\/v12\/'><img loading=\"lazy\" decoding=\"async\" width=\"150\" height=\"150\" src=\"https:\/\/archivotomasmontero.org\/wp-content\/uploads\/2020\/12\/v12-150x150.png\" class=\"attachment-thumbnail size-thumbnail\" alt=\"\" srcset=\"https:\/\/archivotomasmontero.org\/wp-content\/uploads\/2020\/12\/v12-150x150.png 150w, https:\/\/archivotomasmontero.org\/wp-content\/uploads\/2020\/12\/v12-160x160.png 160w\" sizes=\"auto, (max-width: 150px) 100vw, 150px\" \/><\/a>\n\t\t\t<\/div><\/figure>\n\t\t<\/div>\n\n<p>&nbsp;<\/p>\n<p>Con dos metros de altura y 450 kilos de peso, la figura de bronce se coloc\u00f3 5 metros bajo el mar, al pie de las piedras de la Isla La Roqueta, sobre una base previamente elaborada. Permaneci\u00f3 en ese lugar por largos 44 a\u00f1os, hasta que, por el desgaste del tiempo y las fuerzas marinas, tuvo que ser sustituida por otra pieza. La original fue colocada en un nicho especial sobre esas mismas rocas.<\/p>\n<p>Desde el primer d\u00eda, cientos de fieles, lugare\u00f1os y turistas de todo el orbe, le han rendido tributo a esta original <em>Emperatriz de los Mares<\/em>. Respecto al escultor, Don Armando Quezada Medrano, se le considera uno de los hijos ilustres de su estado natal, Chihuahua, junto con otros grandes como David Alfaro Siqueiros, Manuel G\u00f3mez Mor\u00edn, Mart\u00edn Luis Guzm\u00e1n y Elsa Aguirre, con quienes comparte no s\u00f3lo el lugar de nacimiento, sino el haber sido retratado por <span style=\"color: #800000;\"><strong><em>Tom\u00e1s Montero Torres<\/em><\/strong><\/span>.<\/p>\n<p><img loading=\"lazy\" decoding=\"async\" class=\"aligncenter wp-image-11575 size-full\" src=\"https:\/\/archivotomasmontero.org\/wp-content\/uploads\/2020\/12\/116044945.png\" alt=\"\" width=\"662\" height=\"665\" srcset=\"https:\/\/archivotomasmontero.org\/wp-content\/uploads\/2020\/12\/116044945.png 662w, https:\/\/archivotomasmontero.org\/wp-content\/uploads\/2020\/12\/116044945-300x300.png 300w, https:\/\/archivotomasmontero.org\/wp-content\/uploads\/2020\/12\/116044945-150x150.png 150w, https:\/\/archivotomasmontero.org\/wp-content\/uploads\/2020\/12\/116044945-160x160.png 160w\" sizes=\"auto, (max-width: 662px) 100vw, 662px\" \/><\/p>\n<p>&nbsp;<\/p>\n","protected":false},"excerpt":{"rendered":"<p>Armando Quezada Medrano naci\u00f3 en Chihuahua, y fue creciendo a la par de una semilla de amor por el arte que le anidaba en el cuerpo. Por su joven talento, consigui\u00f3 una beca del gobierno local para estudiar en la Academia de San Carlos de la Ciudad de M\u00e9xico, aboc\u00e1ndose con especial inter\u00e9s en la escultura. Posteriormente fue acreedor a otra beca, esta vez en Par\u00eds, donde se desarroll\u00f3 con mayor plenitud y radic\u00f3 hasta los 35 a\u00f1os, tras lo [&hellip;]<\/p>\n","protected":false},"author":2,"featured_media":11595,"comment_status":"open","ping_status":"open","sticky":false,"template":"","format":"image","meta":{"footnotes":""},"categories":[554,521,19,563,531,524,511,514],"tags":[57,71,81,112,154,321,333],"class_list":["post-2335","post","type-post","status-publish","format-image","has-post-thumbnail","hentry","category-acapulco","category-artistas","category-deportes","category-escultores","category-historia","category-mexico","category-religion","category-tomas-montero-torres","tag-acapulco","tag-amelia-sodi-pallares","tag-armando-quezada-medrano","tag-chihuahua","tag-escultor","tag-tomas-montero-torres","tag-virgen-del-mar","post_format-post-format-image"],"yoast_head":"<!-- This site is optimized with the Yoast SEO plugin v27.4 - https:\/\/yoast.com\/product\/yoast-seo-wordpress\/ -->\n<title>Una Virgen para el mar - Archivo - Montero<\/title>\n<meta name=\"robots\" content=\"index, follow, max-snippet:-1, max-image-preview:large, max-video-preview:-1\" \/>\n<link rel=\"canonical\" href=\"https:\/\/archivotomasmontero.org\/index.php\/2013\/01\/28\/una-virgen-para-el-mar\/\" \/>\n<meta property=\"og:locale\" content=\"es_MX\" \/>\n<meta property=\"og:type\" content=\"article\" \/>\n<meta property=\"og:title\" content=\"Una Virgen para el mar - Archivo - Montero\" \/>\n<meta property=\"og:description\" content=\"Armando Quezada Medrano naci\u00f3 en Chihuahua, y fue creciendo a la par de una semilla de amor por el arte que le anidaba en el cuerpo. Por su joven talento, consigui\u00f3 una beca del gobierno local para estudiar en la Academia de San Carlos de la Ciudad de M\u00e9xico, aboc\u00e1ndose con especial inter\u00e9s en la escultura. Posteriormente fue acreedor a otra beca, esta vez en Par\u00eds, donde se desarroll\u00f3 con mayor plenitud y radic\u00f3 hasta los 35 a\u00f1os, tras lo [&hellip;]\" \/>\n<meta property=\"og:url\" content=\"https:\/\/archivotomasmontero.org\/index.php\/2013\/01\/28\/una-virgen-para-el-mar\/\" \/>\n<meta property=\"og:site_name\" content=\"Archivo - Montero\" \/>\n<meta property=\"article:published_time\" content=\"2013-01-28T19:48:34+00:00\" \/>\n<meta property=\"article:modified_time\" content=\"2024-01-23T23:44:41+00:00\" \/>\n<meta property=\"og:image\" content=\"https:\/\/archivotomasmontero.org\/wp-content\/uploads\/2020\/12\/Virgen1.jpg\" \/>\n\t<meta property=\"og:image:width\" content=\"660\" \/>\n\t<meta property=\"og:image:height\" content=\"663\" \/>\n\t<meta property=\"og:image:type\" content=\"image\/jpeg\" \/>\n<meta name=\"author\" content=\"Administrador TMT\" \/>\n<meta name=\"twitter:card\" content=\"summary_large_image\" \/>\n<meta name=\"twitter:label1\" content=\"Escrito por\" \/>\n\t<meta name=\"twitter:data1\" content=\"Administrador TMT\" \/>\n\t<meta name=\"twitter:label2\" content=\"Tiempo de lectura\" \/>\n\t<meta name=\"twitter:data2\" content=\"7 minutos\" \/>\n<script type=\"application\/ld+json\" class=\"yoast-schema-graph\">{\"@context\":\"https:\\\/\\\/schema.org\",\"@graph\":[{\"@type\":\"Article\",\"@id\":\"https:\\\/\\\/archivotomasmontero.org\\\/index.php\\\/2013\\\/01\\\/28\\\/una-virgen-para-el-mar\\\/#article\",\"isPartOf\":{\"@id\":\"https:\\\/\\\/archivotomasmontero.org\\\/index.php\\\/2013\\\/01\\\/28\\\/una-virgen-para-el-mar\\\/\"},\"author\":{\"name\":\"Administrador TMT\",\"@id\":\"https:\\\/\\\/archivotomasmontero.org\\\/#\\\/schema\\\/person\\\/4841c362ff8252eb61a6ecf8aace788c\"},\"headline\":\"Una Virgen para el mar\",\"datePublished\":\"2013-01-28T19:48:34+00:00\",\"dateModified\":\"2024-01-23T23:44:41+00:00\",\"mainEntityOfPage\":{\"@id\":\"https:\\\/\\\/archivotomasmontero.org\\\/index.php\\\/2013\\\/01\\\/28\\\/una-virgen-para-el-mar\\\/\"},\"wordCount\":1011,\"commentCount\":18,\"image\":{\"@id\":\"https:\\\/\\\/archivotomasmontero.org\\\/index.php\\\/2013\\\/01\\\/28\\\/una-virgen-para-el-mar\\\/#primaryimage\"},\"thumbnailUrl\":\"https:\\\/\\\/archivotomasmontero.org\\\/wp-content\\\/uploads\\\/2020\\\/12\\\/Virgen1.jpg\",\"keywords\":[\"Acapulco\",\"Amelia Sodi Pallares\",\"Armando Quezada Medrano\",\"Chihuahua\",\"escultor\",\"Tom\u00e1s Montero Torres\",\"Virgen del Mar\"],\"articleSection\":[\"Acapulco\",\"Artistas\",\"Deportes\",\"Escultores\",\"Historia\",\"M\u00e9xico\",\"Religi\u00f3n\",\"Tom\u00e1s Montero Torres\"],\"inLanguage\":\"es\",\"potentialAction\":[{\"@type\":\"CommentAction\",\"name\":\"Comment\",\"target\":[\"https:\\\/\\\/archivotomasmontero.org\\\/index.php\\\/2013\\\/01\\\/28\\\/una-virgen-para-el-mar\\\/#respond\"]}]},{\"@type\":\"WebPage\",\"@id\":\"https:\\\/\\\/archivotomasmontero.org\\\/index.php\\\/2013\\\/01\\\/28\\\/una-virgen-para-el-mar\\\/\",\"url\":\"https:\\\/\\\/archivotomasmontero.org\\\/index.php\\\/2013\\\/01\\\/28\\\/una-virgen-para-el-mar\\\/\",\"name\":\"Una Virgen para el mar - Archivo - Montero\",\"isPartOf\":{\"@id\":\"https:\\\/\\\/archivotomasmontero.org\\\/#website\"},\"primaryImageOfPage\":{\"@id\":\"https:\\\/\\\/archivotomasmontero.org\\\/index.php\\\/2013\\\/01\\\/28\\\/una-virgen-para-el-mar\\\/#primaryimage\"},\"image\":{\"@id\":\"https:\\\/\\\/archivotomasmontero.org\\\/index.php\\\/2013\\\/01\\\/28\\\/una-virgen-para-el-mar\\\/#primaryimage\"},\"thumbnailUrl\":\"https:\\\/\\\/archivotomasmontero.org\\\/wp-content\\\/uploads\\\/2020\\\/12\\\/Virgen1.jpg\",\"datePublished\":\"2013-01-28T19:48:34+00:00\",\"dateModified\":\"2024-01-23T23:44:41+00:00\",\"author\":{\"@id\":\"https:\\\/\\\/archivotomasmontero.org\\\/#\\\/schema\\\/person\\\/4841c362ff8252eb61a6ecf8aace788c\"},\"breadcrumb\":{\"@id\":\"https:\\\/\\\/archivotomasmontero.org\\\/index.php\\\/2013\\\/01\\\/28\\\/una-virgen-para-el-mar\\\/#breadcrumb\"},\"inLanguage\":\"es\",\"potentialAction\":[{\"@type\":\"ReadAction\",\"target\":[\"https:\\\/\\\/archivotomasmontero.org\\\/index.php\\\/2013\\\/01\\\/28\\\/una-virgen-para-el-mar\\\/\"]}]},{\"@type\":\"ImageObject\",\"inLanguage\":\"es\",\"@id\":\"https:\\\/\\\/archivotomasmontero.org\\\/index.php\\\/2013\\\/01\\\/28\\\/una-virgen-para-el-mar\\\/#primaryimage\",\"url\":\"https:\\\/\\\/archivotomasmontero.org\\\/wp-content\\\/uploads\\\/2020\\\/12\\\/Virgen1.jpg\",\"contentUrl\":\"https:\\\/\\\/archivotomasmontero.org\\\/wp-content\\\/uploads\\\/2020\\\/12\\\/Virgen1.jpg\",\"width\":660,\"height\":663},{\"@type\":\"BreadcrumbList\",\"@id\":\"https:\\\/\\\/archivotomasmontero.org\\\/index.php\\\/2013\\\/01\\\/28\\\/una-virgen-para-el-mar\\\/#breadcrumb\",\"itemListElement\":[{\"@type\":\"ListItem\",\"position\":1,\"name\":\"Inicio\",\"item\":\"https:\\\/\\\/archivotomasmontero.org\\\/\"},{\"@type\":\"ListItem\",\"position\":2,\"name\":\"Una Virgen para el mar\"}]},{\"@type\":\"WebSite\",\"@id\":\"https:\\\/\\\/archivotomasmontero.org\\\/#website\",\"url\":\"https:\\\/\\\/archivotomasmontero.org\\\/\",\"name\":\"Archivo - Montero\",\"description\":\"Archivo Tomas Montero Torres\",\"potentialAction\":[{\"@type\":\"SearchAction\",\"target\":{\"@type\":\"EntryPoint\",\"urlTemplate\":\"https:\\\/\\\/archivotomasmontero.org\\\/?s={search_term_string}\"},\"query-input\":{\"@type\":\"PropertyValueSpecification\",\"valueRequired\":true,\"valueName\":\"search_term_string\"}}],\"inLanguage\":\"es\"},{\"@type\":\"Person\",\"@id\":\"https:\\\/\\\/archivotomasmontero.org\\\/#\\\/schema\\\/person\\\/4841c362ff8252eb61a6ecf8aace788c\",\"name\":\"Administrador TMT\",\"image\":{\"@type\":\"ImageObject\",\"inLanguage\":\"es\",\"@id\":\"https:\\\/\\\/secure.gravatar.com\\\/avatar\\\/4eaee0b78b670491ea1b1ea139b10583f5a25cdd7253f34e3ef2df952e801f49?s=96&d=mm&r=g\",\"url\":\"https:\\\/\\\/secure.gravatar.com\\\/avatar\\\/4eaee0b78b670491ea1b1ea139b10583f5a25cdd7253f34e3ef2df952e801f49?s=96&d=mm&r=g\",\"contentUrl\":\"https:\\\/\\\/secure.gravatar.com\\\/avatar\\\/4eaee0b78b670491ea1b1ea139b10583f5a25cdd7253f34e3ef2df952e801f49?s=96&d=mm&r=g\",\"caption\":\"Administrador TMT\"},\"url\":\"https:\\\/\\\/archivotomasmontero.org\\\/index.php\\\/author\\\/admin\\\/\"}]}<\/script>\n<!-- \/ Yoast SEO plugin. -->","yoast_head_json":{"title":"Una Virgen para el mar - Archivo - Montero","robots":{"index":"index","follow":"follow","max-snippet":"max-snippet:-1","max-image-preview":"max-image-preview:large","max-video-preview":"max-video-preview:-1"},"canonical":"https:\/\/archivotomasmontero.org\/index.php\/2013\/01\/28\/una-virgen-para-el-mar\/","og_locale":"es_MX","og_type":"article","og_title":"Una Virgen para el mar - Archivo - Montero","og_description":"Armando Quezada Medrano naci\u00f3 en Chihuahua, y fue creciendo a la par de una semilla de amor por el arte que le anidaba en el cuerpo. Por su joven talento, consigui\u00f3 una beca del gobierno local para estudiar en la Academia de San Carlos de la Ciudad de M\u00e9xico, aboc\u00e1ndose con especial inter\u00e9s en la escultura. Posteriormente fue acreedor a otra beca, esta vez en Par\u00eds, donde se desarroll\u00f3 con mayor plenitud y radic\u00f3 hasta los 35 a\u00f1os, tras lo [&hellip;]","og_url":"https:\/\/archivotomasmontero.org\/index.php\/2013\/01\/28\/una-virgen-para-el-mar\/","og_site_name":"Archivo - Montero","article_published_time":"2013-01-28T19:48:34+00:00","article_modified_time":"2024-01-23T23:44:41+00:00","og_image":[{"width":660,"height":663,"url":"https:\/\/archivotomasmontero.org\/wp-content\/uploads\/2020\/12\/Virgen1.jpg","type":"image\/jpeg"}],"author":"Administrador TMT","twitter_card":"summary_large_image","twitter_misc":{"Escrito por":"Administrador TMT","Tiempo de lectura":"7 minutos"},"schema":{"@context":"https:\/\/schema.org","@graph":[{"@type":"Article","@id":"https:\/\/archivotomasmontero.org\/index.php\/2013\/01\/28\/una-virgen-para-el-mar\/#article","isPartOf":{"@id":"https:\/\/archivotomasmontero.org\/index.php\/2013\/01\/28\/una-virgen-para-el-mar\/"},"author":{"name":"Administrador TMT","@id":"https:\/\/archivotomasmontero.org\/#\/schema\/person\/4841c362ff8252eb61a6ecf8aace788c"},"headline":"Una Virgen para el mar","datePublished":"2013-01-28T19:48:34+00:00","dateModified":"2024-01-23T23:44:41+00:00","mainEntityOfPage":{"@id":"https:\/\/archivotomasmontero.org\/index.php\/2013\/01\/28\/una-virgen-para-el-mar\/"},"wordCount":1011,"commentCount":18,"image":{"@id":"https:\/\/archivotomasmontero.org\/index.php\/2013\/01\/28\/una-virgen-para-el-mar\/#primaryimage"},"thumbnailUrl":"https:\/\/archivotomasmontero.org\/wp-content\/uploads\/2020\/12\/Virgen1.jpg","keywords":["Acapulco","Amelia Sodi Pallares","Armando Quezada Medrano","Chihuahua","escultor","Tom\u00e1s Montero Torres","Virgen del Mar"],"articleSection":["Acapulco","Artistas","Deportes","Escultores","Historia","M\u00e9xico","Religi\u00f3n","Tom\u00e1s Montero Torres"],"inLanguage":"es","potentialAction":[{"@type":"CommentAction","name":"Comment","target":["https:\/\/archivotomasmontero.org\/index.php\/2013\/01\/28\/una-virgen-para-el-mar\/#respond"]}]},{"@type":"WebPage","@id":"https:\/\/archivotomasmontero.org\/index.php\/2013\/01\/28\/una-virgen-para-el-mar\/","url":"https:\/\/archivotomasmontero.org\/index.php\/2013\/01\/28\/una-virgen-para-el-mar\/","name":"Una Virgen para el mar - Archivo - Montero","isPartOf":{"@id":"https:\/\/archivotomasmontero.org\/#website"},"primaryImageOfPage":{"@id":"https:\/\/archivotomasmontero.org\/index.php\/2013\/01\/28\/una-virgen-para-el-mar\/#primaryimage"},"image":{"@id":"https:\/\/archivotomasmontero.org\/index.php\/2013\/01\/28\/una-virgen-para-el-mar\/#primaryimage"},"thumbnailUrl":"https:\/\/archivotomasmontero.org\/wp-content\/uploads\/2020\/12\/Virgen1.jpg","datePublished":"2013-01-28T19:48:34+00:00","dateModified":"2024-01-23T23:44:41+00:00","author":{"@id":"https:\/\/archivotomasmontero.org\/#\/schema\/person\/4841c362ff8252eb61a6ecf8aace788c"},"breadcrumb":{"@id":"https:\/\/archivotomasmontero.org\/index.php\/2013\/01\/28\/una-virgen-para-el-mar\/#breadcrumb"},"inLanguage":"es","potentialAction":[{"@type":"ReadAction","target":["https:\/\/archivotomasmontero.org\/index.php\/2013\/01\/28\/una-virgen-para-el-mar\/"]}]},{"@type":"ImageObject","inLanguage":"es","@id":"https:\/\/archivotomasmontero.org\/index.php\/2013\/01\/28\/una-virgen-para-el-mar\/#primaryimage","url":"https:\/\/archivotomasmontero.org\/wp-content\/uploads\/2020\/12\/Virgen1.jpg","contentUrl":"https:\/\/archivotomasmontero.org\/wp-content\/uploads\/2020\/12\/Virgen1.jpg","width":660,"height":663},{"@type":"BreadcrumbList","@id":"https:\/\/archivotomasmontero.org\/index.php\/2013\/01\/28\/una-virgen-para-el-mar\/#breadcrumb","itemListElement":[{"@type":"ListItem","position":1,"name":"Inicio","item":"https:\/\/archivotomasmontero.org\/"},{"@type":"ListItem","position":2,"name":"Una Virgen para el mar"}]},{"@type":"WebSite","@id":"https:\/\/archivotomasmontero.org\/#website","url":"https:\/\/archivotomasmontero.org\/","name":"Archivo - Montero","description":"Archivo Tomas Montero Torres","potentialAction":[{"@type":"SearchAction","target":{"@type":"EntryPoint","urlTemplate":"https:\/\/archivotomasmontero.org\/?s={search_term_string}"},"query-input":{"@type":"PropertyValueSpecification","valueRequired":true,"valueName":"search_term_string"}}],"inLanguage":"es"},{"@type":"Person","@id":"https:\/\/archivotomasmontero.org\/#\/schema\/person\/4841c362ff8252eb61a6ecf8aace788c","name":"Administrador TMT","image":{"@type":"ImageObject","inLanguage":"es","@id":"https:\/\/secure.gravatar.com\/avatar\/4eaee0b78b670491ea1b1ea139b10583f5a25cdd7253f34e3ef2df952e801f49?s=96&d=mm&r=g","url":"https:\/\/secure.gravatar.com\/avatar\/4eaee0b78b670491ea1b1ea139b10583f5a25cdd7253f34e3ef2df952e801f49?s=96&d=mm&r=g","contentUrl":"https:\/\/secure.gravatar.com\/avatar\/4eaee0b78b670491ea1b1ea139b10583f5a25cdd7253f34e3ef2df952e801f49?s=96&d=mm&r=g","caption":"Administrador TMT"},"url":"https:\/\/archivotomasmontero.org\/index.php\/author\/admin\/"}]}},"_links":{"self":[{"href":"https:\/\/archivotomasmontero.org\/index.php\/wp-json\/wp\/v2\/posts\/2335","targetHints":{"allow":["GET"]}}],"collection":[{"href":"https:\/\/archivotomasmontero.org\/index.php\/wp-json\/wp\/v2\/posts"}],"about":[{"href":"https:\/\/archivotomasmontero.org\/index.php\/wp-json\/wp\/v2\/types\/post"}],"author":[{"embeddable":true,"href":"https:\/\/archivotomasmontero.org\/index.php\/wp-json\/wp\/v2\/users\/2"}],"replies":[{"embeddable":true,"href":"https:\/\/archivotomasmontero.org\/index.php\/wp-json\/wp\/v2\/comments?post=2335"}],"version-history":[{"count":2,"href":"https:\/\/archivotomasmontero.org\/index.php\/wp-json\/wp\/v2\/posts\/2335\/revisions"}],"predecessor-version":[{"id":15456,"href":"https:\/\/archivotomasmontero.org\/index.php\/wp-json\/wp\/v2\/posts\/2335\/revisions\/15456"}],"wp:featuredmedia":[{"embeddable":true,"href":"https:\/\/archivotomasmontero.org\/index.php\/wp-json\/wp\/v2\/media\/11595"}],"wp:attachment":[{"href":"https:\/\/archivotomasmontero.org\/index.php\/wp-json\/wp\/v2\/media?parent=2335"}],"wp:term":[{"taxonomy":"category","embeddable":true,"href":"https:\/\/archivotomasmontero.org\/index.php\/wp-json\/wp\/v2\/categories?post=2335"},{"taxonomy":"post_tag","embeddable":true,"href":"https:\/\/archivotomasmontero.org\/index.php\/wp-json\/wp\/v2\/tags?post=2335"}],"curies":[{"name":"wp","href":"https:\/\/api.w.org\/{rel}","templated":true}]}}