{"id":21,"date":"2010-09-09T02:54:59","date_gmt":"2010-09-09T02:54:59","guid":{"rendered":"http:\/\/archivotomasmontero.org\/site\/?p=21"},"modified":"2024-01-24T00:21:48","modified_gmt":"2024-01-24T00:21:48","slug":"heroes-del-mexico-contemporaneo","status":"publish","type":"post","link":"https:\/\/archivotomasmontero.org\/index.php\/2010\/09\/09\/heroes-del-mexico-contemporaneo\/","title":{"rendered":"H\u00e9roes del M\u00e9xico contempor\u00e1neo"},"content":{"rendered":"<p>&nbsp;<\/p>\n<p><iframe loading=\"lazy\" title=\"Escuadr\u00f3n 201 TMT\" width=\"756\" height=\"567\" src=\"https:\/\/www.youtube.com\/embed\/cU-3bbuIzjw?feature=oembed\" frameborder=\"0\" allow=\"accelerometer; autoplay; clipboard-write; encrypted-media; gyroscope; picture-in-picture; web-share\" allowfullscreen><\/iframe><\/p>\n<p>Este septiembre alabamos a los h\u00e9roes que nos dieron <em><span style=\"color: #800000;\">Patria y Libertad<\/span><\/em> conmemorando, adem\u00e1s, el Bicentenario del inicio de esa gesta. La fecha debiera suponer una reflexi\u00f3n mayor, que albergue no s\u00f3lo el otro momento hist\u00f3rico de este 2010 &#8211; el Centenario de la Revoluci\u00f3n &#8211; sino el devenir contempor\u00e1neo que, con esas premisas de <em><span style=\"color: #800000;\">honor y sentido patrio<\/span><\/em>, tambi\u00e9n ha contribuido con vitalidad a conformar nuestra compleja identidad.<\/p>\n<p>Sin duda, un suceso que marc\u00f3 la primera mitad del siglo XX fue la II Guerra Mundial (1939-1945), cuyas profundas heridas siguen impactando en varios frentes del acontecer planetario. Un conflicto b\u00e9lico en el que se involucraron m\u00e1s de 70 naciones de los 5 continentes. M\u00e9xico no fue la excepci\u00f3n. Su papel de proveedor de petr\u00f3leo para las fuerzas aliadas convirti\u00f3 a sus buques en blanco del ej\u00e9rcito alem\u00e1n, hasta que las agresiones merecieron la decisi\u00f3n crucial &#8211; tomada por el Presidente Manuel \u00c1vila Camacho y respaldada por el Senado de la Rep\u00fablica &#8211; de participar.<\/p>\n<p>Fue en julio de 1944 que un contingente, bajo el nombre de Fuerza A\u00e9rea Expedicionaria Mexicana y mejor conocido como <span style=\"color: #800000;\"><em><span style=\"color: #800000;\">\u00c1guilas Aztecas<span style=\"font-style: normal;\"> o<\/span> Escuadr\u00f3n 201<\/span><\/em><\/span>, arrib\u00f3 a Texas \u00a0y a Idaho para recibir un adiestramiento especial. Un total de 299 hombres bajo el mando del Coronel Piloto Aviador Antonio C\u00e1rdenas Rodr\u00edguez. Y ser\u00eda hasta marzo de 1945 que llegar\u00edan a la base de Manila para incorporarse al frente de guerra, que afortunadamente estaba m\u00e1s cerca de concluir.\u00a0A la vuelta a casa habr\u00eda decesos y un c\u00famulo de an\u00e9cdotas para compartir&#8230;<\/p>\n<p>Son detallados los datos recopilados por los especialistas. Sin embargo, al mirar la serie de im\u00e1genes que <em><span style=\"color: #800000;\">Tom\u00e1s Montero Torres<\/span><\/em> capt\u00f3 tanto de su llegada a la Ciudad de M\u00e9xico, como de su participaci\u00f3n en el desfile del 20 de Noviembre de aquel a\u00f1o 45, lo que sobresale es la emoci\u00f3n con que el pueblo de M\u00e9xico los acogi\u00f3 de nuevo en su terru\u00f1o. Quer\u00edan tocarlos, estar cerca, comprobar de primera mano que eran reales y se les devolv\u00edan intactos&#8230; De nada serv\u00edan las vallas o las indicaciones, s\u00f3lo contaba hacerles sentir cari\u00f1o y admiraci\u00f3n. Lo mismo en el abrazo \u00edntimo o al recobrar el lazo familiar, que en su \u00a0reencuentro con sus compatriotas, conmovidos <em><span style=\"color: #800000;\">hasta la m\u00e9dula<\/span><\/em> por un valor noble que nos abarca a todos: la defensa de nuestro M\u00e9xico. <em>\u00a1Vaya pues, un pensamiento igual de noble para todos ellos!<\/em><\/p>\n","protected":false},"excerpt":{"rendered":"<p>&nbsp; Este septiembre alabamos a los h\u00e9roes que nos dieron Patria y Libertad conmemorando, adem\u00e1s, el Bicentenario del inicio de esa gesta. La fecha debiera suponer una reflexi\u00f3n mayor, que albergue no s\u00f3lo el otro momento hist\u00f3rico de este 2010 &#8211; el Centenario de la Revoluci\u00f3n &#8211; sino el devenir contempor\u00e1neo que, con esas premisas de honor y sentido patrio, tambi\u00e9n ha contribuido con vitalidad a conformar nuestra compleja identidad. Sin duda, un suceso que marc\u00f3 la primera mitad del [&hellip;]<\/p>\n","protected":false},"author":2,"featured_media":15310,"comment_status":"open","ping_status":"open","sticky":false,"template":"","format":"video","meta":{"footnotes":""},"categories":[568,531,524,532,514],"tags":[152,165,185,188],"class_list":["post-21","post","type-post","status-publish","format-video","has-post-thumbnail","hentry","category-heroes","category-historia","category-mexico","category-reportero-grafico","category-tomas-montero-torres","tag-escuadron-201","tag-fotografia","tag-historia-2","tag-ii-guerra-mundial","post_format-post-format-video"],"yoast_head":"<!-- This site is optimized with the Yoast SEO plugin v27.4 - https:\/\/yoast.com\/product\/yoast-seo-wordpress\/ -->\n<title>H\u00e9roes del M\u00e9xico contempor\u00e1neo - Archivo - Montero<\/title>\n<meta name=\"robots\" content=\"index, follow, max-snippet:-1, max-image-preview:large, max-video-preview:-1\" \/>\n<link rel=\"canonical\" href=\"https:\/\/archivotomasmontero.org\/index.php\/2010\/09\/09\/heroes-del-mexico-contemporaneo\/\" \/>\n<meta property=\"og:locale\" content=\"es_MX\" \/>\n<meta property=\"og:type\" content=\"article\" \/>\n<meta property=\"og:title\" content=\"H\u00e9roes del M\u00e9xico contempor\u00e1neo - Archivo - Montero\" \/>\n<meta property=\"og:description\" content=\"&nbsp; Este septiembre alabamos a los h\u00e9roes que nos dieron Patria y Libertad conmemorando, adem\u00e1s, el Bicentenario del inicio de esa gesta. La fecha debiera suponer una reflexi\u00f3n mayor, que albergue no s\u00f3lo el otro momento hist\u00f3rico de este 2010 &#8211; el Centenario de la Revoluci\u00f3n &#8211; sino el devenir contempor\u00e1neo que, con esas premisas de honor y sentido patrio, tambi\u00e9n ha contribuido con vitalidad a conformar nuestra compleja identidad. Sin duda, un suceso que marc\u00f3 la primera mitad del [&hellip;]\" \/>\n<meta property=\"og:url\" content=\"https:\/\/archivotomasmontero.org\/index.php\/2010\/09\/09\/heroes-del-mexico-contemporaneo\/\" \/>\n<meta property=\"og:site_name\" content=\"Archivo - Montero\" \/>\n<meta property=\"article:published_time\" content=\"2010-09-09T02:54:59+00:00\" \/>\n<meta property=\"article:modified_time\" content=\"2024-01-24T00:21:48+00:00\" \/>\n<meta property=\"og:image\" content=\"https:\/\/archivotomasmontero.org\/wp-content\/uploads\/2010\/09\/imagen_2022-12-26_213205142.png\" \/>\n\t<meta property=\"og:image:width\" content=\"755\" \/>\n\t<meta property=\"og:image:height\" content=\"566\" \/>\n\t<meta property=\"og:image:type\" content=\"image\/png\" \/>\n<meta name=\"author\" content=\"Administrador TMT\" \/>\n<meta name=\"twitter:card\" content=\"summary_large_image\" \/>\n<meta name=\"twitter:label1\" content=\"Escrito por\" \/>\n\t<meta name=\"twitter:data1\" content=\"Administrador TMT\" \/>\n\t<meta name=\"twitter:label2\" content=\"Tiempo de lectura\" \/>\n\t<meta name=\"twitter:data2\" content=\"2 minutos\" \/>\n<script type=\"application\/ld+json\" class=\"yoast-schema-graph\">{\"@context\":\"https:\\\/\\\/schema.org\",\"@graph\":[{\"@type\":\"Article\",\"@id\":\"https:\\\/\\\/archivotomasmontero.org\\\/index.php\\\/2010\\\/09\\\/09\\\/heroes-del-mexico-contemporaneo\\\/#article\",\"isPartOf\":{\"@id\":\"https:\\\/\\\/archivotomasmontero.org\\\/index.php\\\/2010\\\/09\\\/09\\\/heroes-del-mexico-contemporaneo\\\/\"},\"author\":{\"name\":\"Administrador TMT\",\"@id\":\"https:\\\/\\\/archivotomasmontero.org\\\/#\\\/schema\\\/person\\\/4841c362ff8252eb61a6ecf8aace788c\"},\"headline\":\"H\u00e9roes del M\u00e9xico contempor\u00e1neo\",\"datePublished\":\"2010-09-09T02:54:59+00:00\",\"dateModified\":\"2024-01-24T00:21:48+00:00\",\"mainEntityOfPage\":{\"@id\":\"https:\\\/\\\/archivotomasmontero.org\\\/index.php\\\/2010\\\/09\\\/09\\\/heroes-del-mexico-contemporaneo\\\/\"},\"wordCount\":447,\"commentCount\":5,\"image\":{\"@id\":\"https:\\\/\\\/archivotomasmontero.org\\\/index.php\\\/2010\\\/09\\\/09\\\/heroes-del-mexico-contemporaneo\\\/#primaryimage\"},\"thumbnailUrl\":\"https:\\\/\\\/archivotomasmontero.org\\\/wp-content\\\/uploads\\\/2010\\\/09\\\/imagen_2022-12-26_213205142.png\",\"keywords\":[\"Escuadr\u00f3n 201\",\"fotograf\u00eda\",\"historia\",\"II Guerra Mundial\"],\"articleSection\":[\"H\u00e9roes\",\"Historia\",\"M\u00e9xico\",\"Reportero gr\u00e1fico\",\"Tom\u00e1s Montero Torres\"],\"inLanguage\":\"es\",\"potentialAction\":[{\"@type\":\"CommentAction\",\"name\":\"Comment\",\"target\":[\"https:\\\/\\\/archivotomasmontero.org\\\/index.php\\\/2010\\\/09\\\/09\\\/heroes-del-mexico-contemporaneo\\\/#respond\"]}]},{\"@type\":\"WebPage\",\"@id\":\"https:\\\/\\\/archivotomasmontero.org\\\/index.php\\\/2010\\\/09\\\/09\\\/heroes-del-mexico-contemporaneo\\\/\",\"url\":\"https:\\\/\\\/archivotomasmontero.org\\\/index.php\\\/2010\\\/09\\\/09\\\/heroes-del-mexico-contemporaneo\\\/\",\"name\":\"H\u00e9roes del M\u00e9xico contempor\u00e1neo - Archivo - Montero\",\"isPartOf\":{\"@id\":\"https:\\\/\\\/archivotomasmontero.org\\\/#website\"},\"primaryImageOfPage\":{\"@id\":\"https:\\\/\\\/archivotomasmontero.org\\\/index.php\\\/2010\\\/09\\\/09\\\/heroes-del-mexico-contemporaneo\\\/#primaryimage\"},\"image\":{\"@id\":\"https:\\\/\\\/archivotomasmontero.org\\\/index.php\\\/2010\\\/09\\\/09\\\/heroes-del-mexico-contemporaneo\\\/#primaryimage\"},\"thumbnailUrl\":\"https:\\\/\\\/archivotomasmontero.org\\\/wp-content\\\/uploads\\\/2010\\\/09\\\/imagen_2022-12-26_213205142.png\",\"datePublished\":\"2010-09-09T02:54:59+00:00\",\"dateModified\":\"2024-01-24T00:21:48+00:00\",\"author\":{\"@id\":\"https:\\\/\\\/archivotomasmontero.org\\\/#\\\/schema\\\/person\\\/4841c362ff8252eb61a6ecf8aace788c\"},\"breadcrumb\":{\"@id\":\"https:\\\/\\\/archivotomasmontero.org\\\/index.php\\\/2010\\\/09\\\/09\\\/heroes-del-mexico-contemporaneo\\\/#breadcrumb\"},\"inLanguage\":\"es\",\"potentialAction\":[{\"@type\":\"ReadAction\",\"target\":[\"https:\\\/\\\/archivotomasmontero.org\\\/index.php\\\/2010\\\/09\\\/09\\\/heroes-del-mexico-contemporaneo\\\/\"]}]},{\"@type\":\"ImageObject\",\"inLanguage\":\"es\",\"@id\":\"https:\\\/\\\/archivotomasmontero.org\\\/index.php\\\/2010\\\/09\\\/09\\\/heroes-del-mexico-contemporaneo\\\/#primaryimage\",\"url\":\"https:\\\/\\\/archivotomasmontero.org\\\/wp-content\\\/uploads\\\/2010\\\/09\\\/imagen_2022-12-26_213205142.png\",\"contentUrl\":\"https:\\\/\\\/archivotomasmontero.org\\\/wp-content\\\/uploads\\\/2010\\\/09\\\/imagen_2022-12-26_213205142.png\",\"width\":755,\"height\":566},{\"@type\":\"BreadcrumbList\",\"@id\":\"https:\\\/\\\/archivotomasmontero.org\\\/index.php\\\/2010\\\/09\\\/09\\\/heroes-del-mexico-contemporaneo\\\/#breadcrumb\",\"itemListElement\":[{\"@type\":\"ListItem\",\"position\":1,\"name\":\"Inicio\",\"item\":\"https:\\\/\\\/archivotomasmontero.org\\\/\"},{\"@type\":\"ListItem\",\"position\":2,\"name\":\"H\u00e9roes del M\u00e9xico contempor\u00e1neo\"}]},{\"@type\":\"WebSite\",\"@id\":\"https:\\\/\\\/archivotomasmontero.org\\\/#website\",\"url\":\"https:\\\/\\\/archivotomasmontero.org\\\/\",\"name\":\"Archivo - Montero\",\"description\":\"Archivo Tomas Montero Torres\",\"potentialAction\":[{\"@type\":\"SearchAction\",\"target\":{\"@type\":\"EntryPoint\",\"urlTemplate\":\"https:\\\/\\\/archivotomasmontero.org\\\/?s={search_term_string}\"},\"query-input\":{\"@type\":\"PropertyValueSpecification\",\"valueRequired\":true,\"valueName\":\"search_term_string\"}}],\"inLanguage\":\"es\"},{\"@type\":\"Person\",\"@id\":\"https:\\\/\\\/archivotomasmontero.org\\\/#\\\/schema\\\/person\\\/4841c362ff8252eb61a6ecf8aace788c\",\"name\":\"Administrador TMT\",\"image\":{\"@type\":\"ImageObject\",\"inLanguage\":\"es\",\"@id\":\"https:\\\/\\\/secure.gravatar.com\\\/avatar\\\/4eaee0b78b670491ea1b1ea139b10583f5a25cdd7253f34e3ef2df952e801f49?s=96&d=mm&r=g\",\"url\":\"https:\\\/\\\/secure.gravatar.com\\\/avatar\\\/4eaee0b78b670491ea1b1ea139b10583f5a25cdd7253f34e3ef2df952e801f49?s=96&d=mm&r=g\",\"contentUrl\":\"https:\\\/\\\/secure.gravatar.com\\\/avatar\\\/4eaee0b78b670491ea1b1ea139b10583f5a25cdd7253f34e3ef2df952e801f49?s=96&d=mm&r=g\",\"caption\":\"Administrador TMT\"},\"url\":\"https:\\\/\\\/archivotomasmontero.org\\\/index.php\\\/author\\\/admin\\\/\"}]}<\/script>\n<!-- \/ Yoast SEO plugin. -->","yoast_head_json":{"title":"H\u00e9roes del M\u00e9xico contempor\u00e1neo - Archivo - Montero","robots":{"index":"index","follow":"follow","max-snippet":"max-snippet:-1","max-image-preview":"max-image-preview:large","max-video-preview":"max-video-preview:-1"},"canonical":"https:\/\/archivotomasmontero.org\/index.php\/2010\/09\/09\/heroes-del-mexico-contemporaneo\/","og_locale":"es_MX","og_type":"article","og_title":"H\u00e9roes del M\u00e9xico contempor\u00e1neo - Archivo - Montero","og_description":"&nbsp; Este septiembre alabamos a los h\u00e9roes que nos dieron Patria y Libertad conmemorando, adem\u00e1s, el Bicentenario del inicio de esa gesta. La fecha debiera suponer una reflexi\u00f3n mayor, que albergue no s\u00f3lo el otro momento hist\u00f3rico de este 2010 &#8211; el Centenario de la Revoluci\u00f3n &#8211; sino el devenir contempor\u00e1neo que, con esas premisas de honor y sentido patrio, tambi\u00e9n ha contribuido con vitalidad a conformar nuestra compleja identidad. Sin duda, un suceso que marc\u00f3 la primera mitad del [&hellip;]","og_url":"https:\/\/archivotomasmontero.org\/index.php\/2010\/09\/09\/heroes-del-mexico-contemporaneo\/","og_site_name":"Archivo - Montero","article_published_time":"2010-09-09T02:54:59+00:00","article_modified_time":"2024-01-24T00:21:48+00:00","og_image":[{"width":755,"height":566,"url":"https:\/\/archivotomasmontero.org\/wp-content\/uploads\/2010\/09\/imagen_2022-12-26_213205142.png","type":"image\/png"}],"author":"Administrador TMT","twitter_card":"summary_large_image","twitter_misc":{"Escrito por":"Administrador TMT","Tiempo de lectura":"2 minutos"},"schema":{"@context":"https:\/\/schema.org","@graph":[{"@type":"Article","@id":"https:\/\/archivotomasmontero.org\/index.php\/2010\/09\/09\/heroes-del-mexico-contemporaneo\/#article","isPartOf":{"@id":"https:\/\/archivotomasmontero.org\/index.php\/2010\/09\/09\/heroes-del-mexico-contemporaneo\/"},"author":{"name":"Administrador TMT","@id":"https:\/\/archivotomasmontero.org\/#\/schema\/person\/4841c362ff8252eb61a6ecf8aace788c"},"headline":"H\u00e9roes del M\u00e9xico contempor\u00e1neo","datePublished":"2010-09-09T02:54:59+00:00","dateModified":"2024-01-24T00:21:48+00:00","mainEntityOfPage":{"@id":"https:\/\/archivotomasmontero.org\/index.php\/2010\/09\/09\/heroes-del-mexico-contemporaneo\/"},"wordCount":447,"commentCount":5,"image":{"@id":"https:\/\/archivotomasmontero.org\/index.php\/2010\/09\/09\/heroes-del-mexico-contemporaneo\/#primaryimage"},"thumbnailUrl":"https:\/\/archivotomasmontero.org\/wp-content\/uploads\/2010\/09\/imagen_2022-12-26_213205142.png","keywords":["Escuadr\u00f3n 201","fotograf\u00eda","historia","II Guerra Mundial"],"articleSection":["H\u00e9roes","Historia","M\u00e9xico","Reportero gr\u00e1fico","Tom\u00e1s Montero Torres"],"inLanguage":"es","potentialAction":[{"@type":"CommentAction","name":"Comment","target":["https:\/\/archivotomasmontero.org\/index.php\/2010\/09\/09\/heroes-del-mexico-contemporaneo\/#respond"]}]},{"@type":"WebPage","@id":"https:\/\/archivotomasmontero.org\/index.php\/2010\/09\/09\/heroes-del-mexico-contemporaneo\/","url":"https:\/\/archivotomasmontero.org\/index.php\/2010\/09\/09\/heroes-del-mexico-contemporaneo\/","name":"H\u00e9roes del M\u00e9xico contempor\u00e1neo - Archivo - Montero","isPartOf":{"@id":"https:\/\/archivotomasmontero.org\/#website"},"primaryImageOfPage":{"@id":"https:\/\/archivotomasmontero.org\/index.php\/2010\/09\/09\/heroes-del-mexico-contemporaneo\/#primaryimage"},"image":{"@id":"https:\/\/archivotomasmontero.org\/index.php\/2010\/09\/09\/heroes-del-mexico-contemporaneo\/#primaryimage"},"thumbnailUrl":"https:\/\/archivotomasmontero.org\/wp-content\/uploads\/2010\/09\/imagen_2022-12-26_213205142.png","datePublished":"2010-09-09T02:54:59+00:00","dateModified":"2024-01-24T00:21:48+00:00","author":{"@id":"https:\/\/archivotomasmontero.org\/#\/schema\/person\/4841c362ff8252eb61a6ecf8aace788c"},"breadcrumb":{"@id":"https:\/\/archivotomasmontero.org\/index.php\/2010\/09\/09\/heroes-del-mexico-contemporaneo\/#breadcrumb"},"inLanguage":"es","potentialAction":[{"@type":"ReadAction","target":["https:\/\/archivotomasmontero.org\/index.php\/2010\/09\/09\/heroes-del-mexico-contemporaneo\/"]}]},{"@type":"ImageObject","inLanguage":"es","@id":"https:\/\/archivotomasmontero.org\/index.php\/2010\/09\/09\/heroes-del-mexico-contemporaneo\/#primaryimage","url":"https:\/\/archivotomasmontero.org\/wp-content\/uploads\/2010\/09\/imagen_2022-12-26_213205142.png","contentUrl":"https:\/\/archivotomasmontero.org\/wp-content\/uploads\/2010\/09\/imagen_2022-12-26_213205142.png","width":755,"height":566},{"@type":"BreadcrumbList","@id":"https:\/\/archivotomasmontero.org\/index.php\/2010\/09\/09\/heroes-del-mexico-contemporaneo\/#breadcrumb","itemListElement":[{"@type":"ListItem","position":1,"name":"Inicio","item":"https:\/\/archivotomasmontero.org\/"},{"@type":"ListItem","position":2,"name":"H\u00e9roes del M\u00e9xico contempor\u00e1neo"}]},{"@type":"WebSite","@id":"https:\/\/archivotomasmontero.org\/#website","url":"https:\/\/archivotomasmontero.org\/","name":"Archivo - Montero","description":"Archivo Tomas Montero Torres","potentialAction":[{"@type":"SearchAction","target":{"@type":"EntryPoint","urlTemplate":"https:\/\/archivotomasmontero.org\/?s={search_term_string}"},"query-input":{"@type":"PropertyValueSpecification","valueRequired":true,"valueName":"search_term_string"}}],"inLanguage":"es"},{"@type":"Person","@id":"https:\/\/archivotomasmontero.org\/#\/schema\/person\/4841c362ff8252eb61a6ecf8aace788c","name":"Administrador TMT","image":{"@type":"ImageObject","inLanguage":"es","@id":"https:\/\/secure.gravatar.com\/avatar\/4eaee0b78b670491ea1b1ea139b10583f5a25cdd7253f34e3ef2df952e801f49?s=96&d=mm&r=g","url":"https:\/\/secure.gravatar.com\/avatar\/4eaee0b78b670491ea1b1ea139b10583f5a25cdd7253f34e3ef2df952e801f49?s=96&d=mm&r=g","contentUrl":"https:\/\/secure.gravatar.com\/avatar\/4eaee0b78b670491ea1b1ea139b10583f5a25cdd7253f34e3ef2df952e801f49?s=96&d=mm&r=g","caption":"Administrador TMT"},"url":"https:\/\/archivotomasmontero.org\/index.php\/author\/admin\/"}]}},"_links":{"self":[{"href":"https:\/\/archivotomasmontero.org\/index.php\/wp-json\/wp\/v2\/posts\/21","targetHints":{"allow":["GET"]}}],"collection":[{"href":"https:\/\/archivotomasmontero.org\/index.php\/wp-json\/wp\/v2\/posts"}],"about":[{"href":"https:\/\/archivotomasmontero.org\/index.php\/wp-json\/wp\/v2\/types\/post"}],"author":[{"embeddable":true,"href":"https:\/\/archivotomasmontero.org\/index.php\/wp-json\/wp\/v2\/users\/2"}],"replies":[{"embeddable":true,"href":"https:\/\/archivotomasmontero.org\/index.php\/wp-json\/wp\/v2\/comments?post=21"}],"version-history":[{"count":2,"href":"https:\/\/archivotomasmontero.org\/index.php\/wp-json\/wp\/v2\/posts\/21\/revisions"}],"predecessor-version":[{"id":15506,"href":"https:\/\/archivotomasmontero.org\/index.php\/wp-json\/wp\/v2\/posts\/21\/revisions\/15506"}],"wp:featuredmedia":[{"embeddable":true,"href":"https:\/\/archivotomasmontero.org\/index.php\/wp-json\/wp\/v2\/media\/15310"}],"wp:attachment":[{"href":"https:\/\/archivotomasmontero.org\/index.php\/wp-json\/wp\/v2\/media?parent=21"}],"wp:term":[{"taxonomy":"category","embeddable":true,"href":"https:\/\/archivotomasmontero.org\/index.php\/wp-json\/wp\/v2\/categories?post=21"},{"taxonomy":"post_tag","embeddable":true,"href":"https:\/\/archivotomasmontero.org\/index.php\/wp-json\/wp\/v2\/tags?post=21"}],"curies":[{"name":"wp","href":"https:\/\/api.w.org\/{rel}","templated":true}]}}