{"id":15244,"date":"2022-07-07T08:48:01","date_gmt":"2022-07-07T08:48:01","guid":{"rendered":"https:\/\/archivotomasmontero.org\/?p=15244"},"modified":"2023-02-17T23:01:49","modified_gmt":"2023-02-17T23:01:49","slug":"70-anos-de-la-masacre-de-henriquistas-en-la-alameda","status":"publish","type":"post","link":"https:\/\/archivotomasmontero.org\/index.php\/2022\/07\/07\/70-anos-de-la-masacre-de-henriquistas-en-la-alameda\/","title":{"rendered":"70 a\u00f1os de la masacre de henriquistas en la Alameda"},"content":{"rendered":"<h6>El Gral. Manuel Henr\u00edquez Guzm\u00e1n consigui\u00f3 el apoyo de las clases humildes, por eso le dec\u00edan &#8220;el candidato del pueblo&#8221;.<\/h6>\n<p><span style=\"font-weight: 400;\"><b>(7 de julio de 1952 \u2013 7 de julio de 2022)<\/b><\/span><\/p>\n<p><span style=\"font-weight: 400;\">El 7 de julio de 1952, simpatizantes del candidato presidencial general Miguel Henr\u00edquez Guzm\u00e1n acudieron a la \u201cFiesta de la Victoria\u201d, para celebrar el triunfo en las urnas de su candidato. El mitin tuvo como lugar de reuni\u00f3n el edificio del Partido Constitucionalista Mexicano (PCM), localizado en Av. Ju\u00e1rez 28, frente al Hemiciclo a Ju\u00e1rez.<\/span><\/p>\n<p><span style=\"font-weight: 400;\">M\u00e1s tarde, el general Santiago Pi\u00f1a Soria, jefe del Estado Mayor Presidencial y quien control\u00f3 el proceso electoral, dio a conocer los resultados de la elecci\u00f3n, declarando vencedor al candidato del Partido Revolucionario Institucional (PRI) Adolfo Ruiz Cortines. Ante esto, la Federaci\u00f3n de Partidos del Pueblo Mexicano (FPPM) y sus partidos aliados denunciaron en el acto de la Alameda el fraude electoral.<\/span><\/p>\n<p><span style=\"font-weight: 400;\">Debido al amplio consenso que se reflej\u00f3 en la manifestaci\u00f3n, por \u00f3rdenes del gobierno del entonces presidente Miguel Alem\u00e1n Vald\u00e9s y del Estado Mayor Presidencial, se despleg\u00f3 un operativo con la totalidad de corporaciones policiales de la Ciudad de M\u00e9xico, as\u00ed como con militares de la 1\u00aa Zona Militar.<\/span><\/p>\n<div id='gallery-1' class='gallery galleryid-15244 gallery-columns-2 gallery-size-large'><figure class='gallery-item'>\n\t\t\t<div class='gallery-icon landscape'>\n\t\t\t\t<a href='https:\/\/archivotomasmontero.org\/index.php\/2022\/07\/07\/70-anos-de-la-masacre-de-henriquistas-en-la-alameda\/image8\/'><img loading=\"lazy\" decoding=\"async\" width=\"756\" height=\"474\" src=\"https:\/\/archivotomasmontero.org\/wp-content\/uploads\/2022\/07\/image8.jpg\" class=\"attachment-large size-large\" alt=\"39177\" aria-describedby=\"gallery-1-15288\" srcset=\"https:\/\/archivotomasmontero.org\/wp-content\/uploads\/2022\/07\/image8.jpg 850w, https:\/\/archivotomasmontero.org\/wp-content\/uploads\/2022\/07\/image8-300x188.jpg 300w, https:\/\/archivotomasmontero.org\/wp-content\/uploads\/2022\/07\/image8-800x502.jpg 800w\" sizes=\"auto, (max-width: 756px) 100vw, 756px\" \/><\/a>\n\t\t\t<\/div>\n\t\t\t\t<figcaption class='wp-caption-text gallery-caption' id='gallery-1-15288'>\n\t\t\t\tEn una \u00e9poca en que las mujeres a\u00fan no ten\u00edan derecho al voto, pero s\u00ed participaban activamente.\n\t\t\t\t<\/figcaption><\/figure><figure class='gallery-item'>\n\t\t\t<div class='gallery-icon landscape'>\n\t\t\t\t<a href='https:\/\/archivotomasmontero.org\/index.php\/2022\/07\/07\/70-anos-de-la-masacre-de-henriquistas-en-la-alameda\/image1\/'><img loading=\"lazy\" decoding=\"async\" width=\"756\" height=\"479\" src=\"https:\/\/archivotomasmontero.org\/wp-content\/uploads\/2022\/07\/image1.jpg\" class=\"attachment-large size-large\" alt=\"39173\" aria-describedby=\"gallery-1-15289\" srcset=\"https:\/\/archivotomasmontero.org\/wp-content\/uploads\/2022\/07\/image1.jpg 850w, https:\/\/archivotomasmontero.org\/wp-content\/uploads\/2022\/07\/image1-300x190.jpg 300w, https:\/\/archivotomasmontero.org\/wp-content\/uploads\/2022\/07\/image1-800x507.jpg 800w\" sizes=\"auto, (max-width: 756px) 100vw, 756px\" \/><\/a>\n\t\t\t<\/div>\n\t\t\t\t<figcaption class='wp-caption-text gallery-caption' id='gallery-1-15289'>\n\t\t\t\tLas multitudes manifestando su sincero apoyo al movimiento enriquista, en 1952.\n\t\t\t\t<\/figcaption><\/figure>\n\t\t<\/div>\n\n<p>&nbsp;<\/p>\n<p><span style=\"font-weight: 400;\">Aquel d\u00eda fat\u00eddico se cometieron graves violaciones a los derechos humanos, ejecuciones extrajudiciales, desapariciones forzadas y detenciones arbitrarias masivas en contra de las bases sociales del movimiento henriquista, conformadas mayoritariamente por mujeres, campesinos, obreros y estudiantes.<\/span><\/p>\n<p><span style=\"font-weight: 400;\">Se contabilizaron 200 muertos, 500 desaparecidos, m\u00e1s de 100 detenidos de manera ilegal y miles de lesionados, una verdadera masacre. Las cifras oficiales reconocieron tan s\u00f3lo 7 muertos y casi 600 detenidos. Sin embargo, hasta la fecha no se conocen las cifras reales de esta cruenta represi\u00f3n. Lo que s\u00ed se supo, por militares cercanos al general Henr\u00edquez Guzm\u00e1n, fue que los cuerpos de los 200 muertos fueron incinerados en las instalaciones del Campo Militar n\u00famero 1.<\/span><\/p>\n<div id='gallery-2' class='gallery galleryid-15244 gallery-columns-4 gallery-size-medium'><figure class='gallery-item'>\n\t\t\t<div class='gallery-icon landscape'>\n\t\t\t\t<a href='https:\/\/archivotomasmontero.org\/39141\/'><img loading=\"lazy\" decoding=\"async\" width=\"300\" height=\"189\" src=\"https:\/\/archivotomasmontero.org\/wp-content\/uploads\/2022\/07\/39141-300x189.jpg\" class=\"attachment-medium size-medium\" alt=\"\" aria-describedby=\"gallery-2-15270\" srcset=\"https:\/\/archivotomasmontero.org\/wp-content\/uploads\/2022\/07\/39141-300x189.jpg 300w, https:\/\/archivotomasmontero.org\/wp-content\/uploads\/2022\/07\/39141-1024x645.jpg 1024w, https:\/\/archivotomasmontero.org\/wp-content\/uploads\/2022\/07\/39141-1536x967.jpg 1536w, https:\/\/archivotomasmontero.org\/wp-content\/uploads\/2022\/07\/39141-2048x1289.jpg 2048w, https:\/\/archivotomasmontero.org\/wp-content\/uploads\/2022\/07\/39141-1310x825.jpg 1310w, https:\/\/archivotomasmontero.org\/wp-content\/uploads\/2022\/07\/39141-800x504.jpg 800w\" sizes=\"auto, (max-width: 300px) 100vw, 300px\" \/><\/a>\n\t\t\t<\/div>\n\t\t\t\t<figcaption class='wp-caption-text gallery-caption' id='gallery-2-15270'>\n\t\t\t\t7 de julio de 1952 se llevaron a cabo numerosas detenciones forzadas.\n\t\t\t\t<\/figcaption><\/figure><figure class='gallery-item'>\n\t\t\t<div class='gallery-icon landscape'>\n\t\t\t\t<a href='https:\/\/archivotomasmontero.org\/39140\/'><img loading=\"lazy\" decoding=\"async\" width=\"300\" height=\"191\" src=\"https:\/\/archivotomasmontero.org\/wp-content\/uploads\/2022\/07\/39140-300x191.jpg\" class=\"attachment-medium size-medium\" alt=\"\" aria-describedby=\"gallery-2-15269\" srcset=\"https:\/\/archivotomasmontero.org\/wp-content\/uploads\/2022\/07\/39140-300x191.jpg 300w, https:\/\/archivotomasmontero.org\/wp-content\/uploads\/2022\/07\/39140-1024x651.jpg 1024w, https:\/\/archivotomasmontero.org\/wp-content\/uploads\/2022\/07\/39140-1536x976.jpg 1536w, https:\/\/archivotomasmontero.org\/wp-content\/uploads\/2022\/07\/39140-2048x1301.jpg 2048w, https:\/\/archivotomasmontero.org\/wp-content\/uploads\/2022\/07\/39140-1310x832.jpg 1310w, https:\/\/archivotomasmontero.org\/wp-content\/uploads\/2022\/07\/39140-800x508.jpg 800w\" sizes=\"auto, (max-width: 300px) 100vw, 300px\" \/><\/a>\n\t\t\t<\/div>\n\t\t\t\t<figcaption class='wp-caption-text gallery-caption' id='gallery-2-15269'>\n\t\t\t\tLas fuerzas policiales&#8230;\n\t\t\t\t<\/figcaption><\/figure><figure class='gallery-item'>\n\t\t\t<div class='gallery-icon landscape'>\n\t\t\t\t<a href='https:\/\/archivotomasmontero.org\/39139\/'><img loading=\"lazy\" decoding=\"async\" width=\"300\" height=\"192\" src=\"https:\/\/archivotomasmontero.org\/wp-content\/uploads\/2022\/07\/39139-300x192.jpg\" class=\"attachment-medium size-medium\" alt=\"\" aria-describedby=\"gallery-2-15268\" srcset=\"https:\/\/archivotomasmontero.org\/wp-content\/uploads\/2022\/07\/39139-300x192.jpg 300w, https:\/\/archivotomasmontero.org\/wp-content\/uploads\/2022\/07\/39139-1024x654.jpg 1024w, https:\/\/archivotomasmontero.org\/wp-content\/uploads\/2022\/07\/39139-1536x981.jpg 1536w, https:\/\/archivotomasmontero.org\/wp-content\/uploads\/2022\/07\/39139-2048x1308.jpg 2048w, https:\/\/archivotomasmontero.org\/wp-content\/uploads\/2022\/07\/39139-1310x836.jpg 1310w, https:\/\/archivotomasmontero.org\/wp-content\/uploads\/2022\/07\/39139-800x511.jpg 800w\" sizes=\"auto, (max-width: 300px) 100vw, 300px\" \/><\/a>\n\t\t\t<\/div>\n\t\t\t\t<figcaption class='wp-caption-text gallery-caption' id='gallery-2-15268'>\n\t\t\t\t La polic\u00eda con una consigna: acabar con los enemigos del grupo en el poder.\n\t\t\t\t<\/figcaption><\/figure><figure class='gallery-item'>\n\t\t\t<div class='gallery-icon landscape'>\n\t\t\t\t<a href='https:\/\/archivotomasmontero.org\/39135\/'><img loading=\"lazy\" decoding=\"async\" width=\"300\" height=\"186\" src=\"https:\/\/archivotomasmontero.org\/wp-content\/uploads\/2022\/07\/39135-300x186.jpg\" class=\"attachment-medium size-medium\" alt=\"\" aria-describedby=\"gallery-2-15267\" srcset=\"https:\/\/archivotomasmontero.org\/wp-content\/uploads\/2022\/07\/39135-300x186.jpg 300w, https:\/\/archivotomasmontero.org\/wp-content\/uploads\/2022\/07\/39135-1024x634.jpg 1024w, https:\/\/archivotomasmontero.org\/wp-content\/uploads\/2022\/07\/39135-1536x952.jpg 1536w, https:\/\/archivotomasmontero.org\/wp-content\/uploads\/2022\/07\/39135-2048x1269.jpg 2048w, https:\/\/archivotomasmontero.org\/wp-content\/uploads\/2022\/07\/39135-1310x812.jpg 1310w, https:\/\/archivotomasmontero.org\/wp-content\/uploads\/2022\/07\/39135-800x496.jpg 800w\" sizes=\"auto, (max-width: 300px) 100vw, 300px\" \/><\/a>\n\t\t\t<\/div>\n\t\t\t\t<figcaption class='wp-caption-text gallery-caption' id='gallery-2-15267'>\n\t\t\t\tEse d\u00eda los servicios m\u00e9dicos no se dieron abasto.\n\t\t\t\t<\/figcaption><\/figure>\n\t\t<\/div>\n\n<p><span style=\"font-weight: 400;\">La masacre de la Alameda fue el estallido m\u00e1s estridente y sangriento que sufri\u00f3 el movimiento Henriquista. \u00c9ste, a trav\u00e9s de su amplia base social y en coalici\u00f3n con fuerzas pol\u00edticas de izquierda, defend\u00eda un programa antiimperialista y social, con \u00e9nfasis en la defensa de la democracia del pueblo, los derechos a la reuni\u00f3n y asociaci\u00f3n, la pol\u00edtica exterior independiente, la prohibici\u00f3n de inversiones extranjeras y la reivindicaci\u00f3n del art\u00edculo 27 constitucional para limitar la propiedad privada, as\u00ed como la adopci\u00f3n de una pol\u00edtica de nacionalizaciones y de ampliaci\u00f3n de la Reforma Agraria.<\/span><\/p>\n<p><span style=\"font-weight: 400;\">Tanto su proyecto como la pol\u00edtica de exterminio que sufrieron sus bases se intentaron borrar de la memoria colectiva mexicana, cuyos vestigios a\u00fan permanecen ocultos en diferentes archivos.<\/span><\/p>\n<div id='gallery-3' class='gallery galleryid-15244 gallery-columns-3 gallery-size-medium'><figure class='gallery-item'>\n\t\t\t<div class='gallery-icon landscape'>\n\t\t\t\t<a href='https:\/\/archivotomasmontero.org\/39145\/'><img loading=\"lazy\" decoding=\"async\" width=\"300\" height=\"191\" src=\"https:\/\/archivotomasmontero.org\/wp-content\/uploads\/2022\/07\/39145-300x191.jpg\" class=\"attachment-medium size-medium\" alt=\"\" aria-describedby=\"gallery-3-15273\" srcset=\"https:\/\/archivotomasmontero.org\/wp-content\/uploads\/2022\/07\/39145-300x191.jpg 300w, https:\/\/archivotomasmontero.org\/wp-content\/uploads\/2022\/07\/39145-1024x651.jpg 1024w, https:\/\/archivotomasmontero.org\/wp-content\/uploads\/2022\/07\/39145-1536x976.jpg 1536w, https:\/\/archivotomasmontero.org\/wp-content\/uploads\/2022\/07\/39145-2048x1302.jpg 2048w, https:\/\/archivotomasmontero.org\/wp-content\/uploads\/2022\/07\/39145-1310x833.jpg 1310w, https:\/\/archivotomasmontero.org\/wp-content\/uploads\/2022\/07\/39145-800x508.jpg 800w\" sizes=\"auto, (max-width: 300px) 100vw, 300px\" \/><\/a>\n\t\t\t<\/div>\n\t\t\t\t<figcaption class='wp-caption-text gallery-caption' id='gallery-3-15273'>\n\t\t\t\t Fueron a la &#8220;Fiesta de la Victoria&#8221; y se toparon con la represi\u00f3n por parte del grupo en el poder.\n\t\t\t\t<\/figcaption><\/figure><figure class='gallery-item'>\n\t\t\t<div class='gallery-icon landscape'>\n\t\t\t\t<a href='https:\/\/archivotomasmontero.org\/39146\/'><img loading=\"lazy\" decoding=\"async\" width=\"300\" height=\"192\" src=\"https:\/\/archivotomasmontero.org\/wp-content\/uploads\/2022\/07\/39146-300x192.jpg\" class=\"attachment-medium size-medium\" alt=\"\" aria-describedby=\"gallery-3-15274\" srcset=\"https:\/\/archivotomasmontero.org\/wp-content\/uploads\/2022\/07\/39146-300x192.jpg 300w, https:\/\/archivotomasmontero.org\/wp-content\/uploads\/2022\/07\/39146-1024x655.jpg 1024w, https:\/\/archivotomasmontero.org\/wp-content\/uploads\/2022\/07\/39146-1536x983.jpg 1536w, https:\/\/archivotomasmontero.org\/wp-content\/uploads\/2022\/07\/39146-2048x1310.jpg 2048w, https:\/\/archivotomasmontero.org\/wp-content\/uploads\/2022\/07\/39146-1310x838.jpg 1310w, https:\/\/archivotomasmontero.org\/wp-content\/uploads\/2022\/07\/39146-800x512.jpg 800w\" sizes=\"auto, (max-width: 300px) 100vw, 300px\" \/><\/a>\n\t\t\t<\/div>\n\t\t\t\t<figcaption class='wp-caption-text gallery-caption' id='gallery-3-15274'>\n\t\t\t\t Las v\u00edctimas pertenec\u00edan en su mayor\u00eda a las clases humildes.\n\t\t\t\t<\/figcaption><\/figure>\n\t\t<\/div>\n\n<p>&nbsp;<\/p>\n<p><span style=\"font-weight: 400;\">El fin de la mec\u00e1nica represiva, espec\u00edficamente para la d\u00e9cada de los a\u00f1os cincuenta, fue la eliminaci\u00f3n total. Esto es, que el \u201cexterminio\u201d del enemigo s\u00ed fue f\u00edsico, s\u00ed fue pol\u00edtico, s\u00ed fue la cancelaci\u00f3n de su posibilidad de ser \u201camenaza\u201d para los grupos de poder aglutinados en el partido oficial. Por tanto, fue en los a\u00f1os de 1950 donde se sientan las bases jur\u00eddicas, corporativas y t\u00e9cnicas de la violencia pol\u00edtica de Estado. Cabe se\u00f1alar que es el mismo prop\u00f3sito de los a\u00f1os de la mal llamada \u201cguerra sucia\u201d.<\/span><\/p>\n<div id='gallery-4' class='gallery galleryid-15244 gallery-columns-3 gallery-size-medium'><figure class='gallery-item'>\n\t\t\t<div class='gallery-icon portrait'>\n\t\t\t\t<a href='https:\/\/archivotomasmontero.org\/39142\/'><img loading=\"lazy\" decoding=\"async\" width=\"194\" height=\"300\" src=\"https:\/\/archivotomasmontero.org\/wp-content\/uploads\/2022\/07\/39142-194x300.jpg\" class=\"attachment-medium size-medium\" alt=\"\" aria-describedby=\"gallery-4-15271\" srcset=\"https:\/\/archivotomasmontero.org\/wp-content\/uploads\/2022\/07\/39142-194x300.jpg 194w, https:\/\/archivotomasmontero.org\/wp-content\/uploads\/2022\/07\/39142-661x1024.jpg 661w, https:\/\/archivotomasmontero.org\/wp-content\/uploads\/2022\/07\/39142-991x1536.jpg 991w, https:\/\/archivotomasmontero.org\/wp-content\/uploads\/2022\/07\/39142-1321x2048.jpg 1321w, https:\/\/archivotomasmontero.org\/wp-content\/uploads\/2022\/07\/39142-1310x2030.jpg 1310w, https:\/\/archivotomasmontero.org\/wp-content\/uploads\/2022\/07\/39142-800x1240.jpg 800w, https:\/\/archivotomasmontero.org\/wp-content\/uploads\/2022\/07\/39142-scaled.jpg 1652w\" sizes=\"auto, (max-width: 194px) 100vw, 194px\" \/><\/a>\n\t\t\t<\/div>\n\t\t\t\t<figcaption class='wp-caption-text gallery-caption' id='gallery-4-15271'>\n\t\t\t\tPara esos hechos los \u00fanicos preparados eran los miembros de las &#8220;fuerzas del orden&#8221;.\n\t\t\t\t<\/figcaption><\/figure><figure class='gallery-item'>\n\t\t\t<div class='gallery-icon landscape'>\n\t\t\t\t<a href='https:\/\/archivotomasmontero.org\/39143\/'><img loading=\"lazy\" decoding=\"async\" width=\"300\" height=\"193\" src=\"https:\/\/archivotomasmontero.org\/wp-content\/uploads\/2022\/07\/39143-300x193.jpg\" class=\"attachment-medium size-medium\" alt=\"\" aria-describedby=\"gallery-4-15272\" srcset=\"https:\/\/archivotomasmontero.org\/wp-content\/uploads\/2022\/07\/39143-300x193.jpg 300w, https:\/\/archivotomasmontero.org\/wp-content\/uploads\/2022\/07\/39143-1024x658.jpg 1024w, https:\/\/archivotomasmontero.org\/wp-content\/uploads\/2022\/07\/39143-1536x988.jpg 1536w, https:\/\/archivotomasmontero.org\/wp-content\/uploads\/2022\/07\/39143-2048x1317.jpg 2048w, https:\/\/archivotomasmontero.org\/wp-content\/uploads\/2022\/07\/39143-1310x842.jpg 1310w, https:\/\/archivotomasmontero.org\/wp-content\/uploads\/2022\/07\/39143-800x514.jpg 800w\" sizes=\"auto, (max-width: 300px) 100vw, 300px\" \/><\/a>\n\t\t\t<\/div>\n\t\t\t\t<figcaption class='wp-caption-text gallery-caption' id='gallery-4-15272'>\n\t\t\t\t Las detenciones fueron numerosas y atentaron contra los derechos humanos de los manifestantes.\n\t\t\t\t<\/figcaption><\/figure>\n\t\t<\/div>\n\n<p>&nbsp;<\/p>\n<p><span style=\"font-weight: 400;\">Con motivo de los 70 a\u00f1os de la masacre de julio de 1952, la Comisi\u00f3n Nacional de los Derechos Humanos, por medio de su Oficina Especial para Investigar Represi\u00f3n y Desapariciones Forzadas por Violencia Pol\u00edtica de Estado en el pasado reciente, emiti\u00f3 la Recomendaci\u00f3n General 46\/2022 para investigar los hechos relativos a ese suceso hist\u00f3rico.<\/span><\/p>\n<div id='gallery-5' class='gallery galleryid-15244 gallery-columns-4 gallery-size-medium'><figure class='gallery-item'>\n\t\t\t<div class='gallery-icon landscape'>\n\t\t\t\t<a href='https:\/\/archivotomasmontero.org\/39148\/'><img loading=\"lazy\" decoding=\"async\" width=\"300\" height=\"185\" src=\"https:\/\/archivotomasmontero.org\/wp-content\/uploads\/2022\/07\/39148-300x185.jpg\" class=\"attachment-medium size-medium\" alt=\"\" aria-describedby=\"gallery-5-15275\" srcset=\"https:\/\/archivotomasmontero.org\/wp-content\/uploads\/2022\/07\/39148-300x185.jpg 300w, https:\/\/archivotomasmontero.org\/wp-content\/uploads\/2022\/07\/39148-1024x633.jpg 1024w, https:\/\/archivotomasmontero.org\/wp-content\/uploads\/2022\/07\/39148-1536x949.jpg 1536w, https:\/\/archivotomasmontero.org\/wp-content\/uploads\/2022\/07\/39148-2048x1266.jpg 2048w, https:\/\/archivotomasmontero.org\/wp-content\/uploads\/2022\/07\/39148-1310x810.jpg 1310w, https:\/\/archivotomasmontero.org\/wp-content\/uploads\/2022\/07\/39148-800x494.jpg 800w\" sizes=\"auto, (max-width: 300px) 100vw, 300px\" \/><\/a>\n\t\t\t<\/div>\n\t\t\t\t<figcaption class='wp-caption-text gallery-caption' id='gallery-5-15275'>\n\t\t\t\tLa Alameda fue pr\u00e1cticamente tomada por &#8220;las fuerzas del orden&#8221;\n\t\t\t\t<\/figcaption><\/figure><figure class='gallery-item'>\n\t\t\t<div class='gallery-icon landscape'>\n\t\t\t\t<a href='https:\/\/archivotomasmontero.org\/39150\/'><img loading=\"lazy\" decoding=\"async\" width=\"300\" height=\"186\" src=\"https:\/\/archivotomasmontero.org\/wp-content\/uploads\/2022\/07\/39150-300x186.jpg\" class=\"attachment-medium size-medium\" alt=\"\" aria-describedby=\"gallery-5-15276\" srcset=\"https:\/\/archivotomasmontero.org\/wp-content\/uploads\/2022\/07\/39150-300x186.jpg 300w, https:\/\/archivotomasmontero.org\/wp-content\/uploads\/2022\/07\/39150-1024x636.jpg 1024w, https:\/\/archivotomasmontero.org\/wp-content\/uploads\/2022\/07\/39150-1536x955.jpg 1536w, https:\/\/archivotomasmontero.org\/wp-content\/uploads\/2022\/07\/39150-2048x1273.jpg 2048w, https:\/\/archivotomasmontero.org\/wp-content\/uploads\/2022\/07\/39150-1310x814.jpg 1310w, https:\/\/archivotomasmontero.org\/wp-content\/uploads\/2022\/07\/39150-800x497.jpg 800w\" sizes=\"auto, (max-width: 300px) 100vw, 300px\" \/><\/a>\n\t\t\t<\/div>\n\t\t\t\t<figcaption class='wp-caption-text gallery-caption' id='gallery-5-15276'>\n\t\t\t\t Panor\u00e1mica del registro de la Avenida Ju\u00e1rez con el operativo para reprimir al movimiento enriquista.\n\t\t\t\t<\/figcaption><\/figure><figure class='gallery-item'>\n\t\t\t<div class='gallery-icon landscape'>\n\t\t\t\t<a href='https:\/\/archivotomasmontero.org\/39158\/'><img loading=\"lazy\" decoding=\"async\" width=\"300\" height=\"194\" src=\"https:\/\/archivotomasmontero.org\/wp-content\/uploads\/2022\/07\/39158-300x194.jpg\" class=\"attachment-medium size-medium\" alt=\"\" aria-describedby=\"gallery-5-15277\" srcset=\"https:\/\/archivotomasmontero.org\/wp-content\/uploads\/2022\/07\/39158-300x194.jpg 300w, https:\/\/archivotomasmontero.org\/wp-content\/uploads\/2022\/07\/39158-1024x661.jpg 1024w, https:\/\/archivotomasmontero.org\/wp-content\/uploads\/2022\/07\/39158-1536x992.jpg 1536w, https:\/\/archivotomasmontero.org\/wp-content\/uploads\/2022\/07\/39158-2048x1323.jpg 2048w, https:\/\/archivotomasmontero.org\/wp-content\/uploads\/2022\/07\/39158-1310x846.jpg 1310w, https:\/\/archivotomasmontero.org\/wp-content\/uploads\/2022\/07\/39158-800x517.jpg 800w\" sizes=\"auto, (max-width: 300px) 100vw, 300px\" \/><\/a>\n\t\t\t<\/div>\n\t\t\t\t<figcaption class='wp-caption-text gallery-caption' id='gallery-5-15277'>\n\t\t\t\t&#8211; Otro grupo de personas tratando de saber m\u00e1s acerca de lo que estaba ocurriendo en la Alameda.\n\t\t\t\t<\/figcaption><\/figure><figure class='gallery-item'>\n\t\t\t<div class='gallery-icon landscape'>\n\t\t\t\t<a href='https:\/\/archivotomasmontero.org\/39167\/'><img loading=\"lazy\" decoding=\"async\" width=\"300\" height=\"200\" src=\"https:\/\/archivotomasmontero.org\/wp-content\/uploads\/2022\/07\/39167-300x200.jpg\" class=\"attachment-medium size-medium\" alt=\"\" aria-describedby=\"gallery-5-15278\" srcset=\"https:\/\/archivotomasmontero.org\/wp-content\/uploads\/2022\/07\/39167-300x200.jpg 300w, https:\/\/archivotomasmontero.org\/wp-content\/uploads\/2022\/07\/39167-1024x684.jpg 1024w, https:\/\/archivotomasmontero.org\/wp-content\/uploads\/2022\/07\/39167-1536x1026.jpg 1536w, https:\/\/archivotomasmontero.org\/wp-content\/uploads\/2022\/07\/39167-2048x1368.jpg 2048w, https:\/\/archivotomasmontero.org\/wp-content\/uploads\/2022\/07\/39167-1310x875.jpg 1310w, https:\/\/archivotomasmontero.org\/wp-content\/uploads\/2022\/07\/39167-800x534.jpg 800w\" sizes=\"auto, (max-width: 300px) 100vw, 300px\" \/><\/a>\n\t\t\t<\/div>\n\t\t\t\t<figcaption class='wp-caption-text gallery-caption' id='gallery-5-15278'>\n\t\t\t\t Fueron varios los heridos y muertos que dej\u00f3 como saldo la represi\u00f3n en la Alameda ese 7 de julio de 1952.\n\t\t\t\t<\/figcaption><\/figure><figure class='gallery-item'>\n\t\t\t<div class='gallery-icon landscape'>\n\t\t\t\t<a href='https:\/\/archivotomasmontero.org\/39170\/'><img loading=\"lazy\" decoding=\"async\" width=\"300\" height=\"204\" src=\"https:\/\/archivotomasmontero.org\/wp-content\/uploads\/2022\/07\/39170-300x204.jpg\" class=\"attachment-medium size-medium\" alt=\"\" aria-describedby=\"gallery-5-15279\" srcset=\"https:\/\/archivotomasmontero.org\/wp-content\/uploads\/2022\/07\/39170-300x204.jpg 300w, https:\/\/archivotomasmontero.org\/wp-content\/uploads\/2022\/07\/39170-1024x696.jpg 1024w, https:\/\/archivotomasmontero.org\/wp-content\/uploads\/2022\/07\/39170-1536x1044.jpg 1536w, https:\/\/archivotomasmontero.org\/wp-content\/uploads\/2022\/07\/39170-2048x1393.jpg 2048w, https:\/\/archivotomasmontero.org\/wp-content\/uploads\/2022\/07\/39170-1310x891.jpg 1310w, https:\/\/archivotomasmontero.org\/wp-content\/uploads\/2022\/07\/39170-800x544.jpg 800w\" sizes=\"auto, (max-width: 300px) 100vw, 300px\" \/><\/a>\n\t\t\t<\/div>\n\t\t\t\t<figcaption class='wp-caption-text gallery-caption' id='gallery-5-15279'>\n\t\t\t\tA la fecha, a\u00fan no se tienen datos claros de los fallecidos y heridos.\n\t\t\t\t<\/figcaption><\/figure>\n\t\t<\/div>\n\n<p>&nbsp;<\/p>\n<p><span style=\"font-weight: 400;\">Los resultados permitieron conformar la exposici\u00f3n \u201c70 a\u00f1os de la masacre de Henriquistas en la Alameda\u201d, que se inaugura este 7 de julio de 2022 en Avenida Ju\u00e1rez, a un costado del Archivo General de Notar\u00edas, donde se incluye un n\u00famero importante de fotograf\u00edas captadas por el fotorreportero Tom\u00e1s Montero Torres.\u00a0<\/span><\/p>\n<div id='gallery-6' class='gallery galleryid-15244 gallery-columns-3 gallery-size-medium'><figure class='gallery-item'>\n\t\t\t<div class='gallery-icon landscape'>\n\t\t\t\t<a href='https:\/\/archivotomasmontero.org\/85832\/'><img loading=\"lazy\" decoding=\"async\" width=\"300\" height=\"237\" src=\"https:\/\/archivotomasmontero.org\/wp-content\/uploads\/2022\/07\/85832-300x237.jpg\" class=\"attachment-medium size-medium\" alt=\"\" aria-describedby=\"gallery-6-15280\" srcset=\"https:\/\/archivotomasmontero.org\/wp-content\/uploads\/2022\/07\/85832-300x237.jpg 300w, https:\/\/archivotomasmontero.org\/wp-content\/uploads\/2022\/07\/85832-1024x809.jpg 1024w, https:\/\/archivotomasmontero.org\/wp-content\/uploads\/2022\/07\/85832-1536x1213.jpg 1536w, https:\/\/archivotomasmontero.org\/wp-content\/uploads\/2022\/07\/85832-2048x1618.jpg 2048w, https:\/\/archivotomasmontero.org\/wp-content\/uploads\/2022\/07\/85832-1310x1035.jpg 1310w, https:\/\/archivotomasmontero.org\/wp-content\/uploads\/2022\/07\/85832-800x632.jpg 800w\" sizes=\"auto, (max-width: 300px) 100vw, 300px\" \/><\/a>\n\t\t\t<\/div>\n\t\t\t\t<figcaption class='wp-caption-text gallery-caption' id='gallery-6-15280'>\n\t\t\t\t Fue importante la movilizaci\u00f3n de diferentes fuerzas policiales.\n\t\t\t\t<\/figcaption><\/figure><figure class='gallery-item'>\n\t\t\t<div class='gallery-icon landscape'>\n\t\t\t\t<a href='https:\/\/archivotomasmontero.org\/85833\/'><img loading=\"lazy\" decoding=\"async\" width=\"300\" height=\"249\" src=\"https:\/\/archivotomasmontero.org\/wp-content\/uploads\/2022\/07\/85833-300x249.jpg\" class=\"attachment-medium size-medium\" alt=\"\" aria-describedby=\"gallery-6-15281\" srcset=\"https:\/\/archivotomasmontero.org\/wp-content\/uploads\/2022\/07\/85833-300x249.jpg 300w, https:\/\/archivotomasmontero.org\/wp-content\/uploads\/2022\/07\/85833-1024x851.jpg 1024w, https:\/\/archivotomasmontero.org\/wp-content\/uploads\/2022\/07\/85833-1536x1276.jpg 1536w, https:\/\/archivotomasmontero.org\/wp-content\/uploads\/2022\/07\/85833-2048x1702.jpg 2048w, https:\/\/archivotomasmontero.org\/wp-content\/uploads\/2022\/07\/85833-1310x1089.jpg 1310w, https:\/\/archivotomasmontero.org\/wp-content\/uploads\/2022\/07\/85833-800x665.jpg 800w\" sizes=\"auto, (max-width: 300px) 100vw, 300px\" \/><\/a>\n\t\t\t<\/div>\n\t\t\t\t<figcaption class='wp-caption-text gallery-caption' id='gallery-6-15281'>\n\t\t\t\tUn  apelativo bien ganado por Manuel Henriquez Guzm\u00e1n: el candidato del pueblo.\n\t\t\t\t<\/figcaption><\/figure>\n\t\t<\/div>\n\n<p>&nbsp;<\/p>\n<p><span style=\"font-weight: 400;\">Con este acto la CNDH convoca a reflexionar en torno a lo dif\u00edcil que ha sido la construcci\u00f3n de la democracia en M\u00e9xico, lo mismo que la b\u00fasqueda de la verdad y la memoria de las luchas de ciudadanas y ciudadanos, quienes han sido brutal y sistem\u00e1ticamente reprimidos por la violencia pol\u00edtica de Estado.<\/span><\/p>\n<p>&nbsp;<\/p>\n","protected":false},"excerpt":{"rendered":"<p>El Gral. Manuel Henr\u00edquez Guzm\u00e1n consigui\u00f3 el apoyo de las clases humildes, por eso le dec\u00edan &#8220;el candidato del pueblo&#8221;. (7 de julio de 1952 \u2013 7 de julio de 2022) El 7 de julio de 1952, simpatizantes del candidato presidencial general Miguel Henr\u00edquez Guzm\u00e1n acudieron a la \u201cFiesta de la Victoria\u201d, para celebrar el triunfo en las urnas de su candidato. El mitin tuvo como lugar de reuni\u00f3n el edificio del Partido Constitucionalista Mexicano (PCM), localizado en Av. Ju\u00e1rez [&hellip;]<\/p>\n","protected":false},"author":2,"featured_media":15283,"comment_status":"open","ping_status":"open","sticky":false,"template":"","format":"standard","meta":{"footnotes":""},"categories":[13],"tags":[],"class_list":["post-15244","post","type-post","status-publish","format-standard","has-post-thumbnail","hentry","category-ciudad-de-mexico"],"yoast_head":"<!-- This site is optimized with the Yoast SEO plugin v27.4 - https:\/\/yoast.com\/product\/yoast-seo-wordpress\/ -->\n<title>70 a\u00f1os de la masacre de henriquistas en la Alameda - Archivo - Montero<\/title>\n<meta name=\"robots\" content=\"index, follow, max-snippet:-1, max-image-preview:large, max-video-preview:-1\" \/>\n<link rel=\"canonical\" href=\"https:\/\/archivotomasmontero.org\/index.php\/2022\/07\/07\/70-anos-de-la-masacre-de-henriquistas-en-la-alameda\/\" \/>\n<meta property=\"og:locale\" content=\"es_MX\" \/>\n<meta property=\"og:type\" content=\"article\" \/>\n<meta property=\"og:title\" content=\"70 a\u00f1os de la masacre de henriquistas en la Alameda - Archivo - Montero\" \/>\n<meta property=\"og:description\" content=\"El Gral. Manuel Henr\u00edquez Guzm\u00e1n consigui\u00f3 el apoyo de las clases humildes, por eso le dec\u00edan &#8220;el candidato del pueblo&#8221;. (7 de julio de 1952 \u2013 7 de julio de 2022) El 7 de julio de 1952, simpatizantes del candidato presidencial general Miguel Henr\u00edquez Guzm\u00e1n acudieron a la \u201cFiesta de la Victoria\u201d, para celebrar el triunfo en las urnas de su candidato. El mitin tuvo como lugar de reuni\u00f3n el edificio del Partido Constitucionalista Mexicano (PCM), localizado en Av. Ju\u00e1rez [&hellip;]\" \/>\n<meta property=\"og:url\" content=\"https:\/\/archivotomasmontero.org\/index.php\/2022\/07\/07\/70-anos-de-la-masacre-de-henriquistas-en-la-alameda\/\" \/>\n<meta property=\"og:site_name\" content=\"Archivo - Montero\" \/>\n<meta property=\"article:published_time\" content=\"2022-07-07T08:48:01+00:00\" \/>\n<meta property=\"article:modified_time\" content=\"2023-02-17T23:01:49+00:00\" \/>\n<meta property=\"og:image\" content=\"https:\/\/archivotomasmontero.org\/wp-content\/uploads\/2022\/07\/image2.jpg\" \/>\n\t<meta property=\"og:image:width\" content=\"850\" \/>\n\t<meta property=\"og:image:height\" content=\"538\" \/>\n\t<meta property=\"og:image:type\" content=\"image\/jpeg\" \/>\n<meta name=\"author\" content=\"Administrador TMT\" \/>\n<meta name=\"twitter:card\" content=\"summary_large_image\" \/>\n<meta name=\"twitter:label1\" content=\"Escrito por\" \/>\n\t<meta name=\"twitter:data1\" content=\"Administrador TMT\" \/>\n\t<meta name=\"twitter:label2\" content=\"Tiempo de lectura\" \/>\n\t<meta name=\"twitter:data2\" content=\"4 minutos\" \/>\n<script type=\"application\/ld+json\" class=\"yoast-schema-graph\">{\"@context\":\"https:\\\/\\\/schema.org\",\"@graph\":[{\"@type\":\"Article\",\"@id\":\"https:\\\/\\\/archivotomasmontero.org\\\/index.php\\\/2022\\\/07\\\/07\\\/70-anos-de-la-masacre-de-henriquistas-en-la-alameda\\\/#article\",\"isPartOf\":{\"@id\":\"https:\\\/\\\/archivotomasmontero.org\\\/index.php\\\/2022\\\/07\\\/07\\\/70-anos-de-la-masacre-de-henriquistas-en-la-alameda\\\/\"},\"author\":{\"name\":\"Administrador TMT\",\"@id\":\"https:\\\/\\\/archivotomasmontero.org\\\/#\\\/schema\\\/person\\\/4841c362ff8252eb61a6ecf8aace788c\"},\"headline\":\"70 a\u00f1os de la masacre de henriquistas en la Alameda\",\"datePublished\":\"2022-07-07T08:48:01+00:00\",\"dateModified\":\"2023-02-17T23:01:49+00:00\",\"mainEntityOfPage\":{\"@id\":\"https:\\\/\\\/archivotomasmontero.org\\\/index.php\\\/2022\\\/07\\\/07\\\/70-anos-de-la-masacre-de-henriquistas-en-la-alameda\\\/\"},\"wordCount\":774,\"commentCount\":2,\"image\":{\"@id\":\"https:\\\/\\\/archivotomasmontero.org\\\/index.php\\\/2022\\\/07\\\/07\\\/70-anos-de-la-masacre-de-henriquistas-en-la-alameda\\\/#primaryimage\"},\"thumbnailUrl\":\"https:\\\/\\\/archivotomasmontero.org\\\/wp-content\\\/uploads\\\/2022\\\/07\\\/image2.jpg\",\"articleSection\":[\"Ciudad de M\u00e9xico\"],\"inLanguage\":\"es\",\"potentialAction\":[{\"@type\":\"CommentAction\",\"name\":\"Comment\",\"target\":[\"https:\\\/\\\/archivotomasmontero.org\\\/index.php\\\/2022\\\/07\\\/07\\\/70-anos-de-la-masacre-de-henriquistas-en-la-alameda\\\/#respond\"]}]},{\"@type\":\"WebPage\",\"@id\":\"https:\\\/\\\/archivotomasmontero.org\\\/index.php\\\/2022\\\/07\\\/07\\\/70-anos-de-la-masacre-de-henriquistas-en-la-alameda\\\/\",\"url\":\"https:\\\/\\\/archivotomasmontero.org\\\/index.php\\\/2022\\\/07\\\/07\\\/70-anos-de-la-masacre-de-henriquistas-en-la-alameda\\\/\",\"name\":\"70 a\u00f1os de la masacre de henriquistas en la Alameda - Archivo - Montero\",\"isPartOf\":{\"@id\":\"https:\\\/\\\/archivotomasmontero.org\\\/#website\"},\"primaryImageOfPage\":{\"@id\":\"https:\\\/\\\/archivotomasmontero.org\\\/index.php\\\/2022\\\/07\\\/07\\\/70-anos-de-la-masacre-de-henriquistas-en-la-alameda\\\/#primaryimage\"},\"image\":{\"@id\":\"https:\\\/\\\/archivotomasmontero.org\\\/index.php\\\/2022\\\/07\\\/07\\\/70-anos-de-la-masacre-de-henriquistas-en-la-alameda\\\/#primaryimage\"},\"thumbnailUrl\":\"https:\\\/\\\/archivotomasmontero.org\\\/wp-content\\\/uploads\\\/2022\\\/07\\\/image2.jpg\",\"datePublished\":\"2022-07-07T08:48:01+00:00\",\"dateModified\":\"2023-02-17T23:01:49+00:00\",\"author\":{\"@id\":\"https:\\\/\\\/archivotomasmontero.org\\\/#\\\/schema\\\/person\\\/4841c362ff8252eb61a6ecf8aace788c\"},\"breadcrumb\":{\"@id\":\"https:\\\/\\\/archivotomasmontero.org\\\/index.php\\\/2022\\\/07\\\/07\\\/70-anos-de-la-masacre-de-henriquistas-en-la-alameda\\\/#breadcrumb\"},\"inLanguage\":\"es\",\"potentialAction\":[{\"@type\":\"ReadAction\",\"target\":[\"https:\\\/\\\/archivotomasmontero.org\\\/index.php\\\/2022\\\/07\\\/07\\\/70-anos-de-la-masacre-de-henriquistas-en-la-alameda\\\/\"]}]},{\"@type\":\"ImageObject\",\"inLanguage\":\"es\",\"@id\":\"https:\\\/\\\/archivotomasmontero.org\\\/index.php\\\/2022\\\/07\\\/07\\\/70-anos-de-la-masacre-de-henriquistas-en-la-alameda\\\/#primaryimage\",\"url\":\"https:\\\/\\\/archivotomasmontero.org\\\/wp-content\\\/uploads\\\/2022\\\/07\\\/image2.jpg\",\"contentUrl\":\"https:\\\/\\\/archivotomasmontero.org\\\/wp-content\\\/uploads\\\/2022\\\/07\\\/image2.jpg\",\"width\":850,\"height\":538,\"caption\":\"El Gral. Manuel Henr\u00edquez Guzm\u00e1n consigui\u00f3 el apoyo de las clases humildes, por eso le dec\u00edan \\\"el candidato del pueblo\\\".\"},{\"@type\":\"BreadcrumbList\",\"@id\":\"https:\\\/\\\/archivotomasmontero.org\\\/index.php\\\/2022\\\/07\\\/07\\\/70-anos-de-la-masacre-de-henriquistas-en-la-alameda\\\/#breadcrumb\",\"itemListElement\":[{\"@type\":\"ListItem\",\"position\":1,\"name\":\"Inicio\",\"item\":\"https:\\\/\\\/archivotomasmontero.org\\\/\"},{\"@type\":\"ListItem\",\"position\":2,\"name\":\"70 a\u00f1os de la masacre de henriquistas en la Alameda\"}]},{\"@type\":\"WebSite\",\"@id\":\"https:\\\/\\\/archivotomasmontero.org\\\/#website\",\"url\":\"https:\\\/\\\/archivotomasmontero.org\\\/\",\"name\":\"Archivo - Montero\",\"description\":\"Archivo Tomas Montero Torres\",\"potentialAction\":[{\"@type\":\"SearchAction\",\"target\":{\"@type\":\"EntryPoint\",\"urlTemplate\":\"https:\\\/\\\/archivotomasmontero.org\\\/?s={search_term_string}\"},\"query-input\":{\"@type\":\"PropertyValueSpecification\",\"valueRequired\":true,\"valueName\":\"search_term_string\"}}],\"inLanguage\":\"es\"},{\"@type\":\"Person\",\"@id\":\"https:\\\/\\\/archivotomasmontero.org\\\/#\\\/schema\\\/person\\\/4841c362ff8252eb61a6ecf8aace788c\",\"name\":\"Administrador TMT\",\"image\":{\"@type\":\"ImageObject\",\"inLanguage\":\"es\",\"@id\":\"https:\\\/\\\/secure.gravatar.com\\\/avatar\\\/4eaee0b78b670491ea1b1ea139b10583f5a25cdd7253f34e3ef2df952e801f49?s=96&d=mm&r=g\",\"url\":\"https:\\\/\\\/secure.gravatar.com\\\/avatar\\\/4eaee0b78b670491ea1b1ea139b10583f5a25cdd7253f34e3ef2df952e801f49?s=96&d=mm&r=g\",\"contentUrl\":\"https:\\\/\\\/secure.gravatar.com\\\/avatar\\\/4eaee0b78b670491ea1b1ea139b10583f5a25cdd7253f34e3ef2df952e801f49?s=96&d=mm&r=g\",\"caption\":\"Administrador TMT\"},\"url\":\"https:\\\/\\\/archivotomasmontero.org\\\/index.php\\\/author\\\/admin\\\/\"}]}<\/script>\n<!-- \/ Yoast SEO plugin. -->","yoast_head_json":{"title":"70 a\u00f1os de la masacre de henriquistas en la Alameda - Archivo - Montero","robots":{"index":"index","follow":"follow","max-snippet":"max-snippet:-1","max-image-preview":"max-image-preview:large","max-video-preview":"max-video-preview:-1"},"canonical":"https:\/\/archivotomasmontero.org\/index.php\/2022\/07\/07\/70-anos-de-la-masacre-de-henriquistas-en-la-alameda\/","og_locale":"es_MX","og_type":"article","og_title":"70 a\u00f1os de la masacre de henriquistas en la Alameda - Archivo - Montero","og_description":"El Gral. Manuel Henr\u00edquez Guzm\u00e1n consigui\u00f3 el apoyo de las clases humildes, por eso le dec\u00edan &#8220;el candidato del pueblo&#8221;. (7 de julio de 1952 \u2013 7 de julio de 2022) El 7 de julio de 1952, simpatizantes del candidato presidencial general Miguel Henr\u00edquez Guzm\u00e1n acudieron a la \u201cFiesta de la Victoria\u201d, para celebrar el triunfo en las urnas de su candidato. El mitin tuvo como lugar de reuni\u00f3n el edificio del Partido Constitucionalista Mexicano (PCM), localizado en Av. Ju\u00e1rez [&hellip;]","og_url":"https:\/\/archivotomasmontero.org\/index.php\/2022\/07\/07\/70-anos-de-la-masacre-de-henriquistas-en-la-alameda\/","og_site_name":"Archivo - Montero","article_published_time":"2022-07-07T08:48:01+00:00","article_modified_time":"2023-02-17T23:01:49+00:00","og_image":[{"width":850,"height":538,"url":"https:\/\/archivotomasmontero.org\/wp-content\/uploads\/2022\/07\/image2.jpg","type":"image\/jpeg"}],"author":"Administrador TMT","twitter_card":"summary_large_image","twitter_misc":{"Escrito por":"Administrador TMT","Tiempo de lectura":"4 minutos"},"schema":{"@context":"https:\/\/schema.org","@graph":[{"@type":"Article","@id":"https:\/\/archivotomasmontero.org\/index.php\/2022\/07\/07\/70-anos-de-la-masacre-de-henriquistas-en-la-alameda\/#article","isPartOf":{"@id":"https:\/\/archivotomasmontero.org\/index.php\/2022\/07\/07\/70-anos-de-la-masacre-de-henriquistas-en-la-alameda\/"},"author":{"name":"Administrador TMT","@id":"https:\/\/archivotomasmontero.org\/#\/schema\/person\/4841c362ff8252eb61a6ecf8aace788c"},"headline":"70 a\u00f1os de la masacre de henriquistas en la Alameda","datePublished":"2022-07-07T08:48:01+00:00","dateModified":"2023-02-17T23:01:49+00:00","mainEntityOfPage":{"@id":"https:\/\/archivotomasmontero.org\/index.php\/2022\/07\/07\/70-anos-de-la-masacre-de-henriquistas-en-la-alameda\/"},"wordCount":774,"commentCount":2,"image":{"@id":"https:\/\/archivotomasmontero.org\/index.php\/2022\/07\/07\/70-anos-de-la-masacre-de-henriquistas-en-la-alameda\/#primaryimage"},"thumbnailUrl":"https:\/\/archivotomasmontero.org\/wp-content\/uploads\/2022\/07\/image2.jpg","articleSection":["Ciudad de M\u00e9xico"],"inLanguage":"es","potentialAction":[{"@type":"CommentAction","name":"Comment","target":["https:\/\/archivotomasmontero.org\/index.php\/2022\/07\/07\/70-anos-de-la-masacre-de-henriquistas-en-la-alameda\/#respond"]}]},{"@type":"WebPage","@id":"https:\/\/archivotomasmontero.org\/index.php\/2022\/07\/07\/70-anos-de-la-masacre-de-henriquistas-en-la-alameda\/","url":"https:\/\/archivotomasmontero.org\/index.php\/2022\/07\/07\/70-anos-de-la-masacre-de-henriquistas-en-la-alameda\/","name":"70 a\u00f1os de la masacre de henriquistas en la Alameda - Archivo - Montero","isPartOf":{"@id":"https:\/\/archivotomasmontero.org\/#website"},"primaryImageOfPage":{"@id":"https:\/\/archivotomasmontero.org\/index.php\/2022\/07\/07\/70-anos-de-la-masacre-de-henriquistas-en-la-alameda\/#primaryimage"},"image":{"@id":"https:\/\/archivotomasmontero.org\/index.php\/2022\/07\/07\/70-anos-de-la-masacre-de-henriquistas-en-la-alameda\/#primaryimage"},"thumbnailUrl":"https:\/\/archivotomasmontero.org\/wp-content\/uploads\/2022\/07\/image2.jpg","datePublished":"2022-07-07T08:48:01+00:00","dateModified":"2023-02-17T23:01:49+00:00","author":{"@id":"https:\/\/archivotomasmontero.org\/#\/schema\/person\/4841c362ff8252eb61a6ecf8aace788c"},"breadcrumb":{"@id":"https:\/\/archivotomasmontero.org\/index.php\/2022\/07\/07\/70-anos-de-la-masacre-de-henriquistas-en-la-alameda\/#breadcrumb"},"inLanguage":"es","potentialAction":[{"@type":"ReadAction","target":["https:\/\/archivotomasmontero.org\/index.php\/2022\/07\/07\/70-anos-de-la-masacre-de-henriquistas-en-la-alameda\/"]}]},{"@type":"ImageObject","inLanguage":"es","@id":"https:\/\/archivotomasmontero.org\/index.php\/2022\/07\/07\/70-anos-de-la-masacre-de-henriquistas-en-la-alameda\/#primaryimage","url":"https:\/\/archivotomasmontero.org\/wp-content\/uploads\/2022\/07\/image2.jpg","contentUrl":"https:\/\/archivotomasmontero.org\/wp-content\/uploads\/2022\/07\/image2.jpg","width":850,"height":538,"caption":"El Gral. Manuel Henr\u00edquez Guzm\u00e1n consigui\u00f3 el apoyo de las clases humildes, por eso le dec\u00edan \"el candidato del pueblo\"."},{"@type":"BreadcrumbList","@id":"https:\/\/archivotomasmontero.org\/index.php\/2022\/07\/07\/70-anos-de-la-masacre-de-henriquistas-en-la-alameda\/#breadcrumb","itemListElement":[{"@type":"ListItem","position":1,"name":"Inicio","item":"https:\/\/archivotomasmontero.org\/"},{"@type":"ListItem","position":2,"name":"70 a\u00f1os de la masacre de henriquistas en la Alameda"}]},{"@type":"WebSite","@id":"https:\/\/archivotomasmontero.org\/#website","url":"https:\/\/archivotomasmontero.org\/","name":"Archivo - Montero","description":"Archivo Tomas Montero Torres","potentialAction":[{"@type":"SearchAction","target":{"@type":"EntryPoint","urlTemplate":"https:\/\/archivotomasmontero.org\/?s={search_term_string}"},"query-input":{"@type":"PropertyValueSpecification","valueRequired":true,"valueName":"search_term_string"}}],"inLanguage":"es"},{"@type":"Person","@id":"https:\/\/archivotomasmontero.org\/#\/schema\/person\/4841c362ff8252eb61a6ecf8aace788c","name":"Administrador TMT","image":{"@type":"ImageObject","inLanguage":"es","@id":"https:\/\/secure.gravatar.com\/avatar\/4eaee0b78b670491ea1b1ea139b10583f5a25cdd7253f34e3ef2df952e801f49?s=96&d=mm&r=g","url":"https:\/\/secure.gravatar.com\/avatar\/4eaee0b78b670491ea1b1ea139b10583f5a25cdd7253f34e3ef2df952e801f49?s=96&d=mm&r=g","contentUrl":"https:\/\/secure.gravatar.com\/avatar\/4eaee0b78b670491ea1b1ea139b10583f5a25cdd7253f34e3ef2df952e801f49?s=96&d=mm&r=g","caption":"Administrador TMT"},"url":"https:\/\/archivotomasmontero.org\/index.php\/author\/admin\/"}]}},"_links":{"self":[{"href":"https:\/\/archivotomasmontero.org\/index.php\/wp-json\/wp\/v2\/posts\/15244","targetHints":{"allow":["GET"]}}],"collection":[{"href":"https:\/\/archivotomasmontero.org\/index.php\/wp-json\/wp\/v2\/posts"}],"about":[{"href":"https:\/\/archivotomasmontero.org\/index.php\/wp-json\/wp\/v2\/types\/post"}],"author":[{"embeddable":true,"href":"https:\/\/archivotomasmontero.org\/index.php\/wp-json\/wp\/v2\/users\/2"}],"replies":[{"embeddable":true,"href":"https:\/\/archivotomasmontero.org\/index.php\/wp-json\/wp\/v2\/comments?post=15244"}],"version-history":[{"count":17,"href":"https:\/\/archivotomasmontero.org\/index.php\/wp-json\/wp\/v2\/posts\/15244\/revisions"}],"predecessor-version":[{"id":15298,"href":"https:\/\/archivotomasmontero.org\/index.php\/wp-json\/wp\/v2\/posts\/15244\/revisions\/15298"}],"wp:featuredmedia":[{"embeddable":true,"href":"https:\/\/archivotomasmontero.org\/index.php\/wp-json\/wp\/v2\/media\/15283"}],"wp:attachment":[{"href":"https:\/\/archivotomasmontero.org\/index.php\/wp-json\/wp\/v2\/media?parent=15244"}],"wp:term":[{"taxonomy":"category","embeddable":true,"href":"https:\/\/archivotomasmontero.org\/index.php\/wp-json\/wp\/v2\/categories?post=15244"},{"taxonomy":"post_tag","embeddable":true,"href":"https:\/\/archivotomasmontero.org\/index.php\/wp-json\/wp\/v2\/tags?post=15244"}],"curies":[{"name":"wp","href":"https:\/\/api.w.org\/{rel}","templated":true}]}}